{"id":17,"date":"2014-03-27T05:29:18","date_gmt":"2014-03-27T04:29:18","guid":{"rendered":"http:\/\/kevrenn-larochelle.fr\/wordpress\/index.php\/2014\/03\/27\/monsieur-cadoudal\/"},"modified":"2022-05-02T14:28:05","modified_gmt":"2022-05-02T12:28:05","slug":"monsieur-cadoudal","status":"publish","type":"post","link":"https:\/\/kevrenn-larochelle.fr\/?p=17","title":{"rendered":"Messieurs Cadoudal"},"content":{"rendered":"\n<div class=\"wp-block-image\"><figure class=\"alignleft size-full is-resized\"><img decoding=\"async\" src=\"https:\/\/kevrenn-larochelle.fr\/wp-content\/uploads\/2022\/05\/portrait_georges_cadoudal_177__hi.jpg\" alt=\"\" class=\"wp-image-3489\" width=\"-143\" height=\"-178\" srcset=\"https:\/\/kevrenn-larochelle.fr\/wp-content\/uploads\/2022\/05\/portrait_georges_cadoudal_177__hi.jpg 450w, https:\/\/kevrenn-larochelle.fr\/wp-content\/uploads\/2022\/05\/portrait_georges_cadoudal_177__hi-239x300.jpg 239w\" sizes=\"(max-width: 450px) 100vw, 450px\" \/><figcaption>Portrait of Georges Cadoudal  par Boilly, Louis Leopold (1761-1845), Musee Carnavalet, <\/figcaption><\/figure><\/div>\n\n\n<p>D&#8217;un Cadoudal \u00e0 l&#8217;autre : l&#8217;histoire \u00e0 Georges. la musique \u00e0 Julien<\/p>\n<p><!--more--><span style=\"font-family: Arial, sans-serif; color: black;\">. <strong>Georges<\/strong><\/span><b><span style=\"font-size: 14pt; font-family: Arial, sans-serif; color: black;\">\u00a0Cadoudal<\/span><\/b><\/p>\n<p>\u00a0 \u00a0 \u00a0 Le 19 mars 1793, un grand rassemblement se forme\u00a0 au\u00a0 Mane\u2013Corohan, sur la hauteur qui domine Auray.\u00a0 Il\u00a0 y a l\u00e0, alert\u00e9s par les cloches et le &#8221; t\u00e9l\u00e9phone&#8221; chouan pr\u00e8s de 3 000 paysans avec fourches. faux. penn-baz et quelques marins en armes.<\/p>\n<p>Beaucoup se rassemblent autour d\u2019un homme qui les harangue et qui se distingue par un physique\u00a0 peu commun. Il n\u2019est pas grand,\u00a0 ( 1.76 m ) mais il d\u00e9gage une impression de force et de puissance. Les historiens le pr\u00e9sentent ainsi\u00a0:\u00a0\u00ab\u00a0 une incroyable corpulence, une t\u00eate \u00e9norme sur un cou de taureau, des \u00e9paules larges, des bras d\u2019hercule, de grosses cuisses et des jambes muscl\u00e9es. Son\u00a0 visage p\u00e2le et gracieux, l\u00e9g\u00e8rement bouffi est encadr\u00e9 de favoris blonds comme ses cheveux boucl\u00e9s \u00bb.<\/p>\n<p>Ce fils de paysan est n\u00e9 en 1771. Il est l\u2019a\u00een\u00e9 d\u2019une famille de trois enfants et se fera remarqu\u00e9 tr\u00e8s t\u00f4t \u00e0 l\u2019\u00e9cole d\u2019Auray par des aptitudes et des qualit\u00e9s qui le conduiront au coll\u00e8ge Saint-Yves de Vannes\u00a0 o\u00f9 il se signalera en r\u00e9sistant\u00a0 violemment aux brimades du bizutage. De cette p\u00e9riode, il conservera des amis qui deviendront des fr\u00e8res d\u2019armes.<\/p>\n<p>En 1791. Georges Cadoudal quitte Saint-Yves, ferm\u00e9 \u00e0 la suite des pers\u00e9cutions religieuses. Il se retrouve\u00a0 alors clerc de notaire \u00e0 Auray chez ma\u00eetre Glain. Cadoudal partage avec ce dernier les id\u00e9es nouvelles et l\u2019accompagne au club ou il suit l\u2019\u00e9volution des th\u00e9ories r\u00e9volutionnaires. Tr\u00e8s vite, les injustices du pr\u00e9sent lui paraissent plus inacceptables que celles du pass\u00e9.<\/p>\n<p>Le 10 mars 1793, convoqu\u00e9 pour le tirage au sort, il tourne le dos aux recruteurs et s\u2019en va battre la campagne , suscitant des centaines d\u2019adh\u00e9sions par son appel \u00e0 la \u00ab\u00a0croisade\u00a0\u00bb. Il conduit une marche sur Auray, mais se heurte \u00e0 la r\u00e9sistance des bleus ( et \u00e0 leur canons) qui l\u2019oblige \u00e0 s\u2019enfoncer dans les chemins creux.<\/p>\n<p>Il prend alors la t\u00eate de la chouannerie\u00a0 en Bretagne sud et r\u00e9organise tout le soul\u00e8vement morbihannais. Il s\u2019illustrera notamment en r\u00e9ussissant\u00a0 \u00e0 d\u00e9gager ses 3000 hommes poursuivis par les bleus apr\u00e8s le d\u00e9barquement de Quiberon au prix d\u2019une marche forc\u00e9e de trois jours et trois nuits par des chemins connus de lui seul.<\/p>\n<p>Cadoudal livrera sa derni\u00e8re bataille au Pont du Loc, le 23 janvier 1800, face au g\u00e9n\u00e9ral Harty.<\/p>\n<p>Le 4 f\u00e9vrier, pr\u00e8s de Vannes, Cadoudal rencontre le g\u00e9n\u00e9ral Brune et son chef d\u2019\u00e9tat major Debelle. Ce dernier est charg\u00e9 de proposer\u00a0 \u00e0 Cadoudal, de la part du premier consul, un\u00a0 grade de g\u00e9n\u00e9ral de division et un commandement dans l\u2019arm\u00e9e de Moreau . En cas de refus, c\u2019est la t\u00eate de Cadoudal que Debelle doit rapporter \u00e0 Napol\u00e9on. Georges Cadoudal, dans un premier temps, refuse mais, apr\u00e8s deux heures de discussion avec le g\u00e9n\u00e9ral Brune dont on ne sait pas grand chose, il accepte, ou semble accepter, de faire la paix dans le Morbihan.<\/p>\n<p>Le 12 f\u00e9vrier 1800, au ch\u00e2teau de Beauregard \u00e0 Saint-Av\u00e9, George Cadoudal et Pierre Mercier signent la soumission et le d\u00e9sarmement des chouans. Cadoudal s\u2019engage \u00e0 aller \u00e0 Paris\u00a0 apr\u00e8s la remise des armes. En \u00e9change, une amnistie compl\u00e8te est d\u00e9cr\u00e9t\u00e9e.<\/p>\n<p>Le 5 mars 1800, Napol\u00e9on recevra Georges au palais des Tuileries : \u00ab\u00a0 J\u2019ai vu ce matin Georges, il m\u2019a paru un gros breton dont peut-\u00eatre il sera possible de tirer parti pour les int\u00e9r\u00eats de la patrie \u00bb. Georges est tr\u00e8s d\u00e9\u00e7u de cet entretien, o\u00f9 il n\u2019a pas \u00e9t\u00e9 re\u00e7u selon son rang, et ce, d\u2019autant plus que le trait\u00e9 de Beauregard n\u2019est pas respect\u00e9 : une loi du 8 mars, impos\u00e9e par les Tuileries, met \u00e0 la disposition du gouvernement les conscrits d\u00e9serteurs.<\/p>\n<p>Echappant \u00e0 la surveillance de Fouch\u00e9, Georges parvient \u00e0 gagner l\u2019Angleterre. Il est accueilli en h\u00e9ros par les \u00e9migr\u00e9s qui le nomment lieutenant g\u00e9n\u00e9ral des arm\u00e9es royales de Bretagne. Il revient en France le 6 juin 1800 avec le projet de relancer l\u2019insurrection apr\u00e8s l\u2019enl\u00e8vement du\u00a0 premier consul. Tout\u00a0 cela \u00e9choue et Cadoudal est oblig\u00e9 de se r\u00e9fugier \u00e0 Jersey.<\/p>\n<p>Il projette alors d\u2019 assassiner Napol\u00e9on et fomente un complot avec le g\u00e9n\u00e9ral Moreau qui fut un de ses condisciples au coll\u00e8ge Saint-Louis de Vannes. Le complot est d\u00e9jou\u00e9, les comploteurs poursuivis et arr\u00eat\u00e9s.<\/p>\n<p>\u00a0Le 9 mars, Cadoudal est\u00a0 lui m\u00eame pris apr\u00e8s une poursuite rocambolesque. Il sera sera jug\u00e9 et, ayant refus\u00e9 de signer son recours en gr\u00e2ce, ex\u00e9cut\u00e9 le 25 juin avec ses compagnons.<\/p>\n<p>Curieusement, son corps ne f\u00fbt pas d\u00e9pos\u00e9 dans la fosse commune mais utilis\u00e9 \u00e0 la facult\u00e9 de m\u00e9decine de Paris. En 1814, Charles d\u2019Hozier obtint (difficilement) la restitution du squelette et fit construire un mausol\u00e9e \u00e0 Kerl\u00e9ano, la propri\u00e9t\u00e9 familiale des Cadoudal \u00e0 Auray.\u00a0\u00a0\u00a0\u00a0\u00a0\u00a0<\/p>\n<p>\u00a0<\/p>\n<p><span style=\"font-family: Arial, sans-serif; color: black;\">. <\/span><b><span style=\"font-size: 14pt; font-family: Arial, sans-serif; color: black;\">Julien Cadoudal <\/span><\/b><span style=\"font-size: 12pt;\">(d\u2019apr\u00e8s le r\u00e9cit de l\u2019historien G Len\u00f4tre)<\/span><\/p>\n<p>\u00a0<\/p>\n<p>Julien Cadoudal, apr\u00e8s avoir combattu aux c\u00f4t\u00e9s de son a\u00een\u00e9, s&#8217;\u00e9tait retir\u00e9 chez leur p\u00e8re, \u00e0 Kerl\u00e9ano. Le dimanche 2 f\u00e9vrier 1801, il y re\u00e7ut le mari de sa marraine, le p\u00e8re Lemoing, qui habitait la maison voisine de celle des Cadoudal . Ils burent le cidre ensemble et Julien parla sans m\u00e9fiance. C&#8217;\u00e9tait un beau gar\u00e7on de vingt-trois ans, tr\u00e8s appr\u00e9ci\u00e9 des filles, joyeux compagnon, instruit, d\u00e9licat po\u00e8te \u00e0 ses heures. En le quittant, le soir, Lemoing poussa jusqu&#8217;\u00e0 Auray, se pr\u00e9senta chez le commandant de la place, et lui d\u00e9non\u00e7a la pr\u00e9sence de Julien \u00e0 Kerl\u00e9ano . Le lendemain, des gendarmes arr\u00eat\u00e8rent le jeune homme ; on trouva sur lui des papiers compromettants, une bague portant trois fleurs de lys, une croix avec cette inscription :\u00a0<i>Aimons Dieu, d\u00e9fendons l&#8217;autel et le tr\u00f4ne<\/i>. Interrog\u00e9 par le juge de paix, il proteste que, depuis la pacification, il n&#8217;a jamais repris les armes ; \u00e0 la faveur d&#8217;un sauf-conduit sign\u00e9 par le G\u00e9n\u00e9ral Brune, il exploite le petit domaine agricole de son vieux p\u00e8re et ne s&#8217;est m\u00eal\u00e9 \u00e0 aucun rassemblement.<br style=\"orphans: 2; widows: 2; word-spacing: 0px;\" \/><span style=\"orphans: 2; widows: 2; float: none; word-spacing: 0px;\">Il est mis au secret et, dans la crainte que les chouans ne viennent le d\u00e9livrer, on d\u00e9cide de le conduire \u00e0 Lorient. Ces ordres de transf\u00e8rement \u00e9quivalaient \u00e0 un verdict de mort : c&#8217;\u00e9tait un moyen fort employ\u00e9 pour se d\u00e9barrasser d&#8217;un suspect que tout tribunal e\u00fbt acquitt\u00e9. On pr\u00e9textait une tentative d&#8217;enl\u00e8vement, on abattait l&#8217;homme : c&#8217;\u00e9tait un brigand de moins et un crime de plus qu&#8217;on portait \u00e0 l&#8217;actif des royalistes. Ne pouvant prendre Georges, on allait l&#8217;atteindre en la personne de son fr\u00e8re\u2026<\/span><br style=\"orphans: 2; widows: 2; word-spacing: 0px;\" \/>Le 8 f\u00e9vrier \u2013 un dimanche \u2013 il est extrait de la prison ; quarante fantassins et quatorze gendarmes vont lui faire escorte ; on prend la route de Lorient. \u00c0 une demi-lieue d&#8217;Auray, au lieu-dit La Croix de L\u00e9aulet, \u00e0 3 km de la ville, Julien sera abattu par ses gardiens. Huit soldats gard\u00e8rent son cadavre pendant quelques heures, puis l&#8217;abandonn\u00e8rent sur le bord du chemin o\u00f9 les jeunes filles d&#8217;Auray vinrent le recueillir afin de le transporter au hameau de L\u00e9aulet, qui est \u00e0 gauche de la route de Lorient. Le corps attira l\u00e0, durant deux jours, une foule de p\u00e8lerins avides de le contempler ; la mort n&#8217;avait pas d\u00e9figur\u00e9 le pauvre Julien \u00ab et la beaut\u00e9 de ses traits apparaissait encore sur son visage \u00bb. Le souvenir de son assassinat est rest\u00e9 bien longtemps vivace dans la r\u00e9gion.<\/p>\n<p>De ce drame il fut fait une chanson de marche, puis un air figurant au r\u00e9pertoire de tous les sonneurs de bagadou : Ton bale Kadoudal.<\/p>\n<p>\u00a0<\/p>","protected":false},"excerpt":{"rendered":"<p>D&#8217;un Cadoudal \u00e0 l&#8217;autre : l&#8217;histoire \u00e0 Georges. la musique \u00e0 Julien<\/p>\n","protected":false},"author":1,"featured_media":403,"comment_status":"closed","ping_status":"open","sticky":false,"template":"","format":"standard","meta":{"advgb_blocks_editor_width":"","advgb_blocks_columns_visual_guide":"","_s2mail":"","footnotes":""},"categories":[14],"tags":[],"class_list":["post-17","post","type-post","status-publish","format-standard","has-post-thumbnail","hentry","category-histoire","comments-off"],"author_meta":{"display_name":"hervic","author_link":"https:\/\/kevrenn-larochelle.fr\/?author=1"},"featured_img":"https:\/\/kevrenn-larochelle.fr\/wp-content\/uploads\/2019\/02\/G-Cadoudal.jpg","coauthors":[],"tax_additional":{"categories":{"linked":["<a href=\"https:\/\/kevrenn-larochelle.fr\/?cat=14\" class=\"advgb-post-tax-term\">Histoire<\/a>"],"unlinked":["<span class=\"advgb-post-tax-term\">Histoire<\/span>"]}},"comment_count":0,"relative_dates":{"created":"Publi\u00e9 12 ans il y a","modified":"Mis \u00e0 jour 4 ans il y a"},"absolute_dates":{"created":"Publi\u00e9 le 27 mars 2014","modified":"Mise \u00e0 jour le 2 mai 2022"},"absolute_dates_time":{"created":"Publi\u00e9 le 27 mars 2014 5h29","modified":"Mise \u00e0 jour le 2 mai 2022 14h28"},"featured_img_caption":"","series_order":"","_links":{"self":[{"href":"https:\/\/kevrenn-larochelle.fr\/index.php?rest_route=\/wp\/v2\/posts\/17","targetHints":{"allow":["GET"]}}],"collection":[{"href":"https:\/\/kevrenn-larochelle.fr\/index.php?rest_route=\/wp\/v2\/posts"}],"about":[{"href":"https:\/\/kevrenn-larochelle.fr\/index.php?rest_route=\/wp\/v2\/types\/post"}],"author":[{"embeddable":true,"href":"https:\/\/kevrenn-larochelle.fr\/index.php?rest_route=\/wp\/v2\/users\/1"}],"replies":[{"embeddable":true,"href":"https:\/\/kevrenn-larochelle.fr\/index.php?rest_route=%2Fwp%2Fv2%2Fcomments&post=17"}],"version-history":[{"count":14,"href":"https:\/\/kevrenn-larochelle.fr\/index.php?rest_route=\/wp\/v2\/posts\/17\/revisions"}],"predecessor-version":[{"id":3491,"href":"https:\/\/kevrenn-larochelle.fr\/index.php?rest_route=\/wp\/v2\/posts\/17\/revisions\/3491"}],"wp:featuredmedia":[{"embeddable":true,"href":"https:\/\/kevrenn-larochelle.fr\/index.php?rest_route=\/wp\/v2\/media\/403"}],"wp:attachment":[{"href":"https:\/\/kevrenn-larochelle.fr\/index.php?rest_route=%2Fwp%2Fv2%2Fmedia&parent=17"}],"wp:term":[{"taxonomy":"category","embeddable":true,"href":"https:\/\/kevrenn-larochelle.fr\/index.php?rest_route=%2Fwp%2Fv2%2Fcategories&post=17"},{"taxonomy":"post_tag","embeddable":true,"href":"https:\/\/kevrenn-larochelle.fr\/index.php?rest_route=%2Fwp%2Fv2%2Ftags&post=17"}],"curies":[{"name":"wp","href":"https:\/\/api.w.org\/{rel}","templated":true}]}}