{"id":59,"date":"2015-02-20T15:48:28","date_gmt":"2015-02-20T14:48:28","guid":{"rendered":"http:\/\/kevrenn-larochelle.fr\/wordpress\/index.php\/2015\/02\/20\/divent-eil-1\/"},"modified":"2019-04-12T13:57:23","modified_gmt":"2019-04-12T11:57:23","slug":"divent-eil-1","status":"publish","type":"post","link":"https:\/\/kevrenn-larochelle.fr\/?p=59","title":{"rendered":"divent (lodenn genta\u00f1)"},"content":{"rendered":"<p><span style=\"font-size: 11pt;\"><span style=\"font-size: 12pt;\"><strong>Divent ! Immense !\u00a0<\/strong><\/span><\/span><\/p>\n<p><span style=\"font-size: 11pt;\">\u00a0Un thriller Breton \/ Fran\u00e7ais en deux saisons que nous devons une fois encore \u00e0 notre ami Yann kLec&#8217;h<\/span><\/p>\n<p><!--more--><\/p>\n<p><b><span style=\"line-height: 115%; font-size: 14pt;\">Divent\u00a0!<\/span><\/b><b> (Lodenn genta\u00f1 \u2013 Eil lodenn a-benn ar miz da zont )<\/b><\/p>\n<p>Kontet eo bet din an istor-ma\u00f1 gant va mamm-gozh. Un istor degouezhet dezhi pa oa yaouank, war-dro ar bloaz 1910.<\/p>\n<p style=\"margin-bottom: 6pt;\">E fin an ha\u00f1v e oa ha kuzhet e oa an heol abaoe ur pennadig dija. Mont a rae d&#8217;he zi ha bale buan a rae brema\u00f1, mall ganti da veza\u00f1 er g\u00ear gant he zud\u2026 pa welas war an hent, pell dirazi, un den o tont daveti. Daoust ma oa pell c\u2019hoazh, e veze klevet mat trouz pounner e voto\u00f9. Merzet mat a veze trolinenn an den war an oabl ruz-te\u00f1val, du-hont, war-du ar c\u2019huzh-heol.<\/p>\n<p><img loading=\"lazy\" decoding=\"async\" class=\"wp-image-454 alignright\" src=\"https:\/\/kevrenn-larochelle.fr\/wp-content\/uploads\/2015\/02\/geant2.jpg\" alt=\"\" width=\"263\" height=\"196\" \/><\/p>\n<p style=\"margin-bottom: 6pt;\">Tostaat a rae \u2026 Neuze e verkas va mamm-gozh e oa bras\u2013iskis ar c\u2019hrouadur. Ken bras , ken uhel eget ar c\u2019hleuzio\u00f9 goloet gant al lann a vorde an hent !<\/p>\n<p style=\"margin-bottom: 6pt;\">-\u00ab\u00a0O biskoazh ! Ur ramz\u00a0! \u00bba so\u00f1jas .<\/p>\n<p style=\"margin-bottom: 6pt;\">\u00a0\u00a0 Klevet he doa bet kaozeal diwar-benn krouadurio\u00f9 dreistordinal er vojenno\u00f9 a oa kontet gwechall e-pad ar veihadego\u00f9 gant ar re \u2013gozh. Met eviti ne oa ket gwir an trao\u00f9-se. Ya, met se ! Brema\u00f1 e oa un afer all ! Bez e oa unan eus ar c\u2019hrouadurio\u00f9-se dirazi !<\/p>\n<p style=\"margin-bottom: 6pt;\">Petra ober neuze\u00a0? Mont da guzhat er c\u2019hoajo\u00f9 tro-dro pe chom war an hent\u00a0?<\/p>\n<p style=\"margin-bottom: 6pt;\">Divizout a reas da c\u2019hortoz hep fi\u00f1val . An den ne oa ket pell ken deus outi brema\u00f1. Met te\u00f1val e oa deuet da veza\u00f1 ha diaes e oa dezhi merzout mat anezha\u00f1.<\/p>\n<p style=\"margin-bottom: 6pt;\">( da heulia\u00f1 )<\/p>\n<p style=\"margin-bottom: 6pt;\">\u00a0 \u00a0 \u00a0 \u00a0 \u00a0 \u00a0 \u00a0 \u00a0 \u00a0 \u00a0 \u00a0 \u00a0 \u00a0 \u00a0 \u00a0 \u00a0 \u00a0 \u00a0 \u00a0 \u00a0 \u00a0 \u00a0 \u00a0 \u00a0 \u00a0 \u00a0 \u00a0 \u00a0 \u00a0 \u00a0 \u00a0 \u00a0 \u00a0 \u00a0 \u00a0 \u00a0 \u00a0 \u00a0 \u00a0 \u00a0 \u00a0 \u00a0 \u00a0 \u00a0 \u00a0 \u00a0 \u00a0 Yann Klec\u2019h, miz Ebrel\u00a0 2018<\/p>\n<p style=\"margin-bottom: 6pt;\"><b><i><span style=\"line-height: 115%; font-size: 14pt;\">Immense\u00a0! <\/span><\/i><\/b><i><span style=\"line-height: 115%; font-size: 10pt;\">(1\u00b0 \u00e9pisode \u2013 2\u00b0 \u00e9pisode le mois prochain)<\/span><\/i><\/p>\n<p style=\"margin-bottom: 6pt;\"><i>Cette histoire m\u2019a \u00e9t\u00e9 racont\u00e9e par ma grand-m\u00e8re. C\u2019est une histoire qui lui est arriv\u00e9e alors qu\u2019elle \u00e9tait jeune, autour de 1910 .<\/i><\/p>\n<p style=\"margin-bottom: 6pt;\"><i>C\u2019\u00e9tait \u00e0 la fin de l\u2019\u00e9t\u00e9, le soleil \u00e9tait d\u00e9j\u00e0 couch\u00e9 depuis un petit moment. Elle rentrait chez elle et marchait d\u2019un bon pas dans la h\u00e2te de se retrouver avec les siens \u00e0 la maison\u2026lorsqu\u2019 elle vit sur le chemin, loin devant elle, un homme qui venait dans sa direction. Bien qu\u2019il fut encore loin, on entendait distinctement le bruit lourd de ses sabots. La silhouette de l\u2019homme se d\u00e9tachait sur le ciel rouge sombre, l\u00e0-bas, du c\u00f4t\u00e9 du couchant. Il approchait\u2026C\u2019est alors que ma grand-m\u00e8re remarqua que la cr\u00e9ature \u00e9tait gigantesque. Aussi grande, aussi haute que les talus couverts d\u2019ajoncs qui bordaient le chemin ! <\/i><\/p>\n<p style=\"margin-bottom: 6pt;\"><i>-\u00ab Oh \u00e7a alors ! Un g\u00e9ant ! \u00bb pensa -t-elle<\/i><\/p>\n<p style=\"margin-bottom: 6pt;\"><i>Elle avait entendu parler de cr\u00e9atures extraordinaires dans les l\u00e9gendes que les vieux racontaient autrefois lors des veill\u00e9es. Mais pour elle, ces choses-l\u00e0 n\u2019\u00e9taient pas vraies. Oui, mais maintenant , c\u2019\u00e9tait une autre affaire ! Une de ces cr\u00e9atures se trouvait l\u00e0, devant elle !<\/i><\/p>\n<p style=\"margin-bottom: 6pt;\"><i>Que faire alors\u00a0? Se cacher dans les bois alentours ou rester sur le chemin\u00a0? Elle d\u00e9cida d\u2019attendre l\u00e0 sans bouger. L\u2019homme n\u2019\u00e9tait plus loin d\u2019elle maintenant , mais l\u2019obscurit\u00e9 qui \u00e9tait tomb\u00e9e ne permettait pas de bien le distinguer. ( \u00e0 suivre )<\/i><\/p>\n","protected":false},"excerpt":{"rendered":"<p>Divent ! Immense !\u00a0 \u00a0Un thriller Breton \/ Fran\u00e7ais en deux saisons que nous devons une fois encore \u00e0 notre<\/p>\n","protected":false},"author":1,"featured_media":453,"comment_status":"closed","ping_status":"open","sticky":false,"template":"","format":"standard","meta":{"advgb_blocks_editor_width":"","advgb_blocks_columns_visual_guide":"","_s2mail":"","footnotes":""},"categories":[15],"tags":[],"class_list":["post-59","post","type-post","status-publish","format-standard","has-post-thumbnail","hentry","category-langue","comments-off"],"author_meta":{"display_name":"hervic","author_link":"https:\/\/kevrenn-larochelle.fr\/?author=1"},"featured_img":"https:\/\/kevrenn-larochelle.fr\/wp-content\/uploads\/2015\/02\/geant.jpg","coauthors":[],"tax_additional":{"categories":{"linked":["<a href=\"https:\/\/kevrenn-larochelle.fr\/?cat=15\" class=\"advgb-post-tax-term\">Langue<\/a>"],"unlinked":["<span class=\"advgb-post-tax-term\">Langue<\/span>"]}},"comment_count":0,"relative_dates":{"created":"Publi\u00e9 11 ans il y a","modified":"Mis \u00e0 jour 7 ans il y a"},"absolute_dates":{"created":"Publi\u00e9 le 20 f\u00e9vrier 2015","modified":"Mise \u00e0 jour le 12 avril 2019"},"absolute_dates_time":{"created":"Publi\u00e9 le 20 f\u00e9vrier 2015 15h48","modified":"Mise \u00e0 jour le 12 avril 2019 13h57"},"featured_img_caption":"","series_order":"","_links":{"self":[{"href":"https:\/\/kevrenn-larochelle.fr\/index.php?rest_route=\/wp\/v2\/posts\/59","targetHints":{"allow":["GET"]}}],"collection":[{"href":"https:\/\/kevrenn-larochelle.fr\/index.php?rest_route=\/wp\/v2\/posts"}],"about":[{"href":"https:\/\/kevrenn-larochelle.fr\/index.php?rest_route=\/wp\/v2\/types\/post"}],"author":[{"embeddable":true,"href":"https:\/\/kevrenn-larochelle.fr\/index.php?rest_route=\/wp\/v2\/users\/1"}],"replies":[{"embeddable":true,"href":"https:\/\/kevrenn-larochelle.fr\/index.php?rest_route=%2Fwp%2Fv2%2Fcomments&post=59"}],"version-history":[{"count":8,"href":"https:\/\/kevrenn-larochelle.fr\/index.php?rest_route=\/wp\/v2\/posts\/59\/revisions"}],"predecessor-version":[{"id":603,"href":"https:\/\/kevrenn-larochelle.fr\/index.php?rest_route=\/wp\/v2\/posts\/59\/revisions\/603"}],"wp:featuredmedia":[{"embeddable":true,"href":"https:\/\/kevrenn-larochelle.fr\/index.php?rest_route=\/wp\/v2\/media\/453"}],"wp:attachment":[{"href":"https:\/\/kevrenn-larochelle.fr\/index.php?rest_route=%2Fwp%2Fv2%2Fmedia&parent=59"}],"wp:term":[{"taxonomy":"category","embeddable":true,"href":"https:\/\/kevrenn-larochelle.fr\/index.php?rest_route=%2Fwp%2Fv2%2Fcategories&post=59"},{"taxonomy":"post_tag","embeddable":true,"href":"https:\/\/kevrenn-larochelle.fr\/index.php?rest_route=%2Fwp%2Fv2%2Ftags&post=59"}],"curies":[{"name":"wp","href":"https:\/\/api.w.org\/{rel}","templated":true}]}}