{"id":7270,"date":"2024-04-01T14:51:08","date_gmt":"2024-04-01T12:51:08","guid":{"rendered":"https:\/\/kevrenn-larochelle.fr\/?p=7270"},"modified":"2024-05-06T17:43:42","modified_gmt":"2024-05-06T15:43:42","slug":"copie-de-de-la-contribution-bretonne-a-la-culture-maritime-2","status":"publish","type":"post","link":"https:\/\/kevrenn-larochelle.fr\/?p=7270","title":{"rendered":"\u00a0Sur un air de s\u00e9rie\u2026."},"content":{"rendered":"\n<p><em>&nbsp;&nbsp;&nbsp;&nbsp;&nbsp;&nbsp;&nbsp;&nbsp;&nbsp;&nbsp;&nbsp;&nbsp;Quelle s\u00e9rie&nbsp;? Quelle saison&nbsp;? Quel \u00e9pisode&nbsp;? Demanderait sans doute imm\u00e9diatement un \u00ab&nbsp;d\u2019jeune&nbsp;\u00bb, en quittant son \u00e9cran des yeux, juste le temps du questionnement. Mais la s\u00e9rie dont il est question ici est bien plus ancienne que \u00ab&nbsp;Les feux de l\u2019amour&nbsp;\u00bb ou m\u00eame que \u00ab&nbsp;Love Lucy&nbsp;\u00bb (1) qui est consid\u00e9r\u00e9e comme la premi\u00e8re s\u00e9rie t\u00e9l\u00e9vis\u00e9e moderne. Non cette s\u00e9rie \u2026<\/em><\/p>\n\n\n\n<p>&nbsp;&nbsp;&nbsp;&nbsp;&nbsp;&nbsp;\u2026Vous la d\u00e9couvrirez dans le Barzaz Breiz (2), ouvrage bilingue breton-fran\u00e7ais, \u00e9crit et publi\u00e9 une premi\u00e8re fois \u00e0 compte d\u2019auteur en 1839 par Th\u00e9odore Hersart, vicomte de La Villemarqu\u00e9 (1815-1895) (3). C\u2019est m\u00eame par ce chant \u00e9trange que d\u00e9bute cet \u00e9pais recueil de chansons bretonnes, chansons collect\u00e9es par l\u2019auteur lui-m\u00eame ou d\u00e9j\u00e0 d\u00e8s la fin du XVIII\u00e8me si\u00e8cle par sa m\u00e8re et quelques-uns de ses amis.&nbsp;<\/p>\n\n\n\n<p>&nbsp;&nbsp;&nbsp;&nbsp;&nbsp;&nbsp;Cette m\u00e9lodie, ou plut\u00f4t cette m\u00e9lop\u00e9e populaire, \u00ab&nbsp;<em>Ar ranno\u00f9<\/em>&nbsp;\u00bb (\u00abLes s\u00e9ries&nbsp;\u00bb), a depuis \u00e9t\u00e9 reprise et adapt\u00e9e par de nombreux chanteurs tels que les s\u0153urs Goadec, les fr\u00e8res Morvan, Anne Auffret, Denez Prigent. Yann-Fa\u00f1ch Kemener, Louise Ebrel, sa fille Annie ou des groupes comme le groupe Glaz.&nbsp;<\/p>\n\n\n\n<p>En voici la musique et les paroles (Extraits tir\u00e9s du Barzaz Breiz &#8211; ed 1973)&nbsp;et une interpr\u00e9tation par Yann Fa\u00f1ch Kemener :<\/p>\n\n\n<div class=\"wp-block-image\">\n<figure class=\"aligncenter size-large is-resized\"><img loading=\"lazy\" decoding=\"async\" width=\"768\" height=\"1024\" src=\"https:\/\/kevrenn-larochelle.fr\/wp-content\/uploads\/2024\/04\/IMG_8663-768x1024.jpg\" alt=\"\" class=\"wp-image-7274\" style=\"width:407px;height:auto\" srcset=\"https:\/\/kevrenn-larochelle.fr\/wp-content\/uploads\/2024\/04\/IMG_8663-768x1024.jpg 768w, https:\/\/kevrenn-larochelle.fr\/wp-content\/uploads\/2024\/04\/IMG_8663-225x300.jpg 225w, https:\/\/kevrenn-larochelle.fr\/wp-content\/uploads\/2024\/04\/IMG_8663-1152x1536.jpg 1152w, https:\/\/kevrenn-larochelle.fr\/wp-content\/uploads\/2024\/04\/IMG_8663-rotated.jpg 1512w\" sizes=\"auto, (max-width: 768px) 100vw, 768px\" \/><\/figure>\n<\/div>\n\n\n<figure class=\"wp-block-table\"><table><tbody><tr><td><strong><em>Ann drouiz<\/em> <\/strong>&#8211;<strong>&nbsp;<\/strong>Daik, mab gwenn Drouiz&nbsp;; ore&nbsp;;<br>Daik, petra fed d\u2019id-de&nbsp;?<br>Petra ganinn-me d\u2019id-de&nbsp;?&nbsp;<br><em><strong>Ar bugel<\/strong><\/em>&nbsp;&#8211; Kan d\u2019in euz a eur rann,<br>Ken a oufenn breman.<br>&nbsp;<em><strong>Ann drouiz<\/strong><\/em>&nbsp;&#8211; Heb rann : ar Bed heb-ken&nbsp;Ankou, tad ann Anken&nbsp;;<br>Netra kent, netra ken.<br>Daik, mab gwenn Drouiz&nbsp;; ore&nbsp;<br>Daik, petra fed d\u2019id-de&nbsp;? Petra ganinn-me d\u2019id-de&nbsp;?<br>&nbsp;<em><strong>Ar bugel<\/strong><\/em>&nbsp;&#8211; Kan d\u2019in euz ar zaou rann,<br>Ken a oufenn breman.<br><strong>&nbsp;<em>Ann drouiz<\/em><\/strong>&nbsp;&#8211; Daou ejenn dioc\u2019h eur gibi&nbsp;;<br>O sachat, o soubeti&nbsp;<br>Edrec\u2019hit ann estoni&nbsp;!<br>Heb rann : ar Bed heb-ken, Ankou, tad ann Anken&nbsp;; Netra kent, netra ken.<br>Daik, mab gwenn Drouiz&nbsp;; ore&nbsp;; etc.&nbsp;<br><em><strong>Ar bugel<\/strong><\/em>&nbsp;&#8211; Kan d\u2019in euz a dri rann, etc.<strong>&nbsp;<\/strong><br><strong><em>Ann drouiz<\/em><\/strong>&nbsp;&#8211; Tri rann er bed-man a vez&nbsp;<br>Tri derou, ha tri divez,<br>D\u2019ann den ha d\u2019ann derv ivez.<br>Teir rouantelez Varzin&nbsp;;<br>Frouez melen&nbsp;&nbsp;ha bleun lirzin ;Bugaligou o c\u2019hoarzin.<br>Daou&nbsp;&nbsp;ejenn dioc\u2019h eur gibi, etc.<br>Heb rann : ar Bed&nbsp;&nbsp;heb-ken, etc.<br>Daik, mab gwenn Drouiz&nbsp;; ore&nbsp;; etc.<br><br><em>Hag all\u2026.&nbsp;&nbsp;Betek ar sifr 12. <\/em> (Barzaz Breiz &#8211; ed 1973)&nbsp;<\/td><td><br><br><br><br><br><br><br><strong><em>Le druide<\/em>&nbsp;<\/strong>-Tout beau, bel enfant du Druide&nbsp;;<br>R\u00e9ponds-moi&nbsp;; tout beau,<br>Que veux-tu que je te chante&nbsp;?&nbsp;<br><strong><em>L\u2019enfant<\/em>&nbsp;<\/strong>&#8211; Chante -moi la s\u00e9rie du nombre un,<br>Jusqu\u2019\u00e0 ce que je l\u2019apprenne aujourd\u2019hui.<br><strong>&nbsp;<em>Le druide<\/em><\/strong>&nbsp;&#8211; Pas de s\u00e9rie pour le nombre un&nbsp;: la N\u00e9cessit\u00e9 unique,<br>Le Tr\u00e9pas, p\u00e8re de la Douleur&nbsp;;<br>Rien avant, rien de plus.Tout beau, bel enfant du Druide&nbsp;;<br>R\u00e9ponds-moi&nbsp;; tout beau,<br>Que veux-tu que je te chante&nbsp;?<br><strong>&nbsp;<em>L\u2019enfant<\/em>&nbsp;<\/strong>&#8211; Chante-moi la s\u00e9rie du nombre deux,<br>Jusqu\u2019\u00e0 ce que je l\u2019apprenne aujourd\u2019hui.&nbsp;<br><em><strong>Le druide<\/strong><\/em>&nbsp;&#8211; Deux b\u0153ufs attel\u00e9s \u00e0 une coque&nbsp;;<br>Ils tirent, ils vont expirer&nbsp;;<br>Voyez la merveille&nbsp;!<br>Pas de s\u00e9rie pour le nombre un&nbsp;: la N\u00e9cessit\u00e9 unique,<br>Le Tr\u00e9pas, p\u00e8re de la Douleur&nbsp;;<br>Rien avant, rien de plus.<br>Tout beau, bel enfant du Druide&nbsp;; etc.<br>&nbsp;<strong><em>L\u2019enfant<\/em>&nbsp;<\/strong>&#8211; Chante-moi la s\u00e9rie du nombre trois, etc.&nbsp;<br><strong><em>Le druide<\/em>&nbsp;<\/strong>&#8211; Il y a trois parties dans le monde&nbsp;;<br>Trois commencements et trois fins,<br>Pour l\u2019homme comme pour le ch\u00eane.<br>Trois royaumes de Merlin,<br>Pleins de fruits d\u2019or et de fleurs brillantes&nbsp;;<br>De petits enfants qui rient.<br>Deux b\u0153ufs attel\u00e9s \u00e0 une coque, etc&nbsp;;<br>Pas de s\u00e9rie pour le nombre un&nbsp;: la N\u00e9cessit\u00e9 unique, etc.<br>Tout beau, bel enfant du Druide&nbsp;; etc.<br><br><em>&nbsp;Etc\u2026.&nbsp;&nbsp;Jusqu\u2019au chiffre 12&nbsp;<\/em><\/td><\/tr><\/tbody><\/table><\/figure>\n\n\n\n<p><a href=\"https:\/\/www.youtube.com\/watch?v=8PqECptuRKs\">https:\/\/www.youtube.com\/watch?v=8PqECptuRKs<\/a><\/p>\n\n\n\n<p>&nbsp;&nbsp;&nbsp;&nbsp;&nbsp;&nbsp;&nbsp;&nbsp;&nbsp;&nbsp;&nbsp;&nbsp;&nbsp;&nbsp;&nbsp;S\u00e9journant le temps des vacances en sa maison d\u2019enfance, le manoir du Plessis (4), l\u2019auteur dit avoir entendu cet air une premi\u00e8re fois, chant\u00e9 par de jeunes paysans de la paroisse de Nizon. Avec quelques variantes, cette m\u00e9lop\u00e9e a aussi \u00e9t\u00e9 collect\u00e9e \u00e0 Brizeux dans la paroisse de Sca\u00ebr. Il s\u2019av\u00e8re, en fait, comme en attestent de nombreux autres collectages, qu\u2019elle est tr\u00e8s populaire dans toute la Cornouaille et m\u00eame au-del\u00e0 (Tr\u00e9gor, Vannetais).<\/p>\n\n\n\n<p>&nbsp;&nbsp;&nbsp;&nbsp;&nbsp;&nbsp;&nbsp;&nbsp;&nbsp;&nbsp;&nbsp;&nbsp;&nbsp;&nbsp;&nbsp;Selon Th\u00e9odore Hersart de La Villemarqu\u00e9 : \u00ab&nbsp;C\u2019est un dialogue entre un druide et un enfant, o\u00f9 l\u2019\u00e9colier apprend du ma\u00eetre en combien de branches se divisent les connaissances humaines, la cosmogonie, la th\u00e9ologie, la g\u00e9ographie, la chronologie, l\u2019astronomie, la magie, la m\u00e9decine, l\u2019histoire, ramifications principales d\u2019un tout scientifique, qui part de l\u2019unit\u00e9 pour s\u2019arr\u00eater au nombre douze.&nbsp;\u00bb&nbsp;<\/p>\n\n\n\n<p>&nbsp;&nbsp;&nbsp;&nbsp;&nbsp;&nbsp;&nbsp;&nbsp;&nbsp;&nbsp;&nbsp;&nbsp;&nbsp;Cette \u00ab&nbsp;<em>rimadell&nbsp;<\/em>\u00bb (ritournelle), transmise de g\u00e9n\u00e9ration en g\u00e9n\u00e9ration, remonterait donc \u00e0 des temps tr\u00e8s anciens, ceux peut-\u00eatre o\u00f9 un inf\u00e2me Jules C\u00e9sar et ses l\u00e9gions romaines ont ravag\u00e9 le riche et prosp\u00e8re pays des V\u00e9n\u00e8tes (5)&nbsp;!&nbsp;<\/p>\n\n\n\n<p>&nbsp;&nbsp;&nbsp;&nbsp;&nbsp;&nbsp;&nbsp;&nbsp;&nbsp;&nbsp;&nbsp;Mais pour d\u2019autres, comme Fran\u00e7ois-Marie Luzel (6) qui en a collect\u00e9 pour sa part une vingtaine de versions en Cornouaille et en Tr\u00e9gor, souvent sous la d\u00e9signation \u00e9nigmatique de \u00ab&nbsp;<em>Gousp\u00e9rou ar raned<\/em>&nbsp;\u00bb (\u00ab&nbsp;Les V\u00eapres des grenouilles&nbsp;\u00bb), il ne s&#8217;agit que d&#8217;une&nbsp;comptine&nbsp;enfantine&nbsp;destin\u00e9e \u00e0 d\u00e9velopper la m\u00e9moire et \u00e0 apprendre la suite des premiers nombres.&nbsp;<\/p>\n\n\n\n<p>&nbsp;&nbsp;&nbsp;&nbsp;&nbsp;&nbsp;&nbsp;&nbsp;&nbsp;Pourquoi pas\u2026 La question n\u2019est pas ,encore tranch\u00e9e. D\u2019ailleurs, d\u2019autres chercheurs avancent une autre hypoth\u00e8se&nbsp;: pour eux, il s\u2019agirait bien d\u2019un texte initiatique d\u2019origine druidique, mais visant \u00e0 transmettre des connaissances sur le temps qu\u2019il fait et celui qu\u2019il fera. Cette ritournelle concernerait donc les \u00ab&nbsp;<em>gourdeizio\u00f9<\/em>&nbsp;\u00bb (\u00ab&nbsp;les sur-jours&nbsp;\u00bb), c\u2019est-\u00e0-dire les jours qui, ajout\u00e9s \u00e0 l\u2019ann\u00e9e lunaire de 354 jours, font l\u2019an solaire de 366 jours. Ainsi les 12 jours suivant No\u00ebl seraient le \u00ab&nbsp;<em>barn er ble&nbsp;<\/em>\u00bb (le tribunal de l\u2019ann\u00e9e). En effet, la croyance populaire en Bretagne affirmait que le temps observ\u00e9 chacun de ces jours particuliers&nbsp;&nbsp;indiquait le temps pour chacun des 12 mois \u00e0 venir. A noter que ces douze jours se retrouvent avec une valeur mythique en Allemagne ( la chasse de Wotan ) et qu\u2019on les conna\u00eet aussi en Inde o\u00f9, comme en Bretagne, ils pr\u00e9sagent du temps pour l\u2019ann\u00e9e \u00e0 venir.&nbsp;Quoiqu\u2019il en soit, le contenu des couplets est bien \u00e9trange\u2026. Tout comme la num\u00e9ration en breton ! (7). <\/p>\n\n\n\n<p> Sans que l\u2019on sache avec certitude qui est \u00e0 l\u2019origine de qui, on retrouve des chansons tr\u00e8s semblables aux &#8220;V\u00eapres des grenouilles&#8221; en gallois, en cornique ou en anglais (cf \u00ab&nbsp;Green Grow the rushes&nbsp;\u00bb). Plus g\u00e9n\u00e9ralement, ce type de chansons dites \u00e0 \u00e9num\u00e9ration cumulative avec questions et r\u00e9ponses se rencontre dans toute l\u2019Europe et bien au-del\u00e0 jusqu\u2019en Inde. Le souvenir de nos origines indo-europ\u00e9ennes via le druidisme d\u2019Irlande, le v\u00e9disme et l\u2019indouisme de l\u2019Inde &nbsp;?&nbsp;<\/p>\n\n\n\n<p><strong>Annexes<\/strong><\/p>\n\n\n\n<ul class=\"wp-block-list\">\n<li>(1) <strong>Love Lucy<\/strong>\u00a0: Un feuilleton cr\u00e9\u00e9 par Jess Oppenheimer et diffus\u00e9 de 1951 \u00e0 1957 aux Etats- Unis. (180 \u00e9pisodes, en noir et blanc, de 25 minutes chacun)<\/li>\n<\/ul>\n\n\n\n<ul class=\"wp-block-list\">\n<li>(2) <strong>Barzaz Breiz\u00a0:\u00a0<\/strong>Recueil de chants bardiques (en fran\u00e7ais Chants de Barde ou \u00ab\u00a0bardit\u00a0\u00bb.chants que les Celtes entonnaient pour attiser le courage du guerrier) compl\u00e9t\u00e9s par des po\u00e9sies ou des gwerz.\u00a0<\/li>\n<\/ul>\n\n\n\n<p>La majorit\u00e9 de ces chants bretons ont \u00e9t\u00e9 recueillis, parole et musique, par la m\u00e8re de Th\u00e9odore Hersart de la Villemarqu\u00e9.&nbsp;&nbsp;Ce dernier en a assur\u00e9 la traduction en fran\u00e7ais, les a compl\u00e9t\u00e9s par des documents collect\u00e9s par la comtesse de Saint-Prix dans les environs de Morlaix et par Ren\u00e9 Kerambrun originaire de B\u00e9gard dans les C\u00f4te du Nord. De plus il a soigneusement annot\u00e9 et comment\u00e9 chaque chanson.&nbsp;<\/p>\n\n\n\n<p>&nbsp;&nbsp;&nbsp;&nbsp;&nbsp;&nbsp;Publi\u00e9 une premi\u00e8re fois en 1839, sous la forme de deux volumes in-12, le Barzaz Breiz fera l\u2019objet de nombreuses r\u00e9\u00e9ditions dont neuf d\u00e9j\u00e0 du vivant de son auteur avec chaque fois des modifications et des ajouts. Ouvrage \u00e0 grand succ\u00e8s, il sera aussi l\u2019objet de traductions en anglais, en allemand, en italien, en polonais &#8230;.<\/p>\n\n\n\n<p>&nbsp;&nbsp;&nbsp;&nbsp;&nbsp;&nbsp;&nbsp;&nbsp;&nbsp;&nbsp;&nbsp;&nbsp;L\u2019authenticit\u00e9 des textes fut longtemps contest\u00e9e jusqu\u2019\u00e0 la d\u00e9couverte des carnets de collecte originaux par le petit fils du Vicomte. Ceux-ci attestent bien, que si l\u2019auteur a parfois arrang\u00e9 les chants, voir invent\u00e9 des textes, il y a bien, \u00e0 la base, un collectage de chants populaires.<\/p>\n\n\n\n<p>Ces pr\u00e9cieux carnets, dont l\u2019existence m\u00eame \u00e9tait hypoth\u00e9tique, ont \u00e9t\u00e9 remis, par le G\u00e9n\u00e9ral de la Villemarqu\u00e9, au chercheur et linguiste Donatien Laurent en 1964.<\/p>\n\n\n\n<ul class=\"wp-block-list\">\n<li>(3) <strong>Theodore Hersart de La Villemarqu\u00e9\u00a0(1815-1895)\u00a0<\/strong>: Th. Hersart de\u00a0La Villemarqu\u00e9 appartient \u00e0 ce mouvement litt\u00e9raire et culturel regroupant, dans les\u00a0ann\u00e9es 1840, d\u2019une part de jeunes aristocrates et bourgeois d&#8217;origine bretonne\u00a0qui, bien que vivant la plupart du temps \u00e0 Paris, s&#8217;int\u00e9ressent \u00e0 la Bretagne et d\u2019autre part une partie du clerg\u00e9 de Basse-Bretagne, sous la houlette de\u00a0M<sup>gr<\/sup>\u00a0Graveran, \u00e9v\u00eaque de\u00a0Quimper\u00a0et du L\u00e9on.<\/li>\n<\/ul>\n\n\n\n<p>C\u2019est en&nbsp;1834, le baccalaur\u00e9at en poche, que Th\u00e9odore Hersart de la Villemarqu\u00e9 se rend \u00e0 Paris pour effectuer des \u00e9tudes de droit. Mais l\u00e0, s\u00e9duit par les travaux men\u00e9s par de jeunes chercheurs sur la p\u00e9riode m\u00e9di\u00e9vale bretonne tr\u00e8s en vogue dans les milieux romantiques, il abandonne le droit et s\u2019inscrit en tant qu\u2019auditeur libre \u00e0 l\u2019\u00e9cole des Chartes.<\/p>\n\n\n\n<p>&nbsp;La m\u00eame ann\u00e9e, il d\u00e9cide d\u2019am\u00e9liorer son breton en prenant des cours aupr\u00e8s de l\u2019abb\u00e9 Jean-Guillaume Henry (ce dernier sera le relecteur et le correcteur de ses \u00e9crits et notamment de son ouvrage le plus connu, le Barzaz Breiz). Pendant ses vacances au manoir du Plessis, il poursuit la collecte de chants en breton qu\u2019il transcrit sur des carnets.&nbsp;<\/p>\n\n\n\n<ul class=\"wp-block-list\">\n<li>(4) <strong>Manoir du Plessis\u00a0:\u00a0<\/strong>Ce manoir se situe au lieu-dit Mainguinis, dans la paroisse de Nizon, sur les hauteurs de Pont-Aven. Le domaine inclut la chapelle de Tr\u00e9molo (construite en 1550) et le Bois d\u2019Amour, ces lieux si chers \u00e0 Gauguin et tous ces peintres s\u00e9journant \u00e0 l\u2019H\u00f4tel des Voyageurs ou \u00e0 la pension Gloanec. Il entre dans la famille de La villemarqu\u00e9 par le mariage en 1798 du p\u00e8re de Th\u00e9odore avec Marie-Ursule Feydeau de Vaugien dame du Plessis-Nizon.<\/li>\n<\/ul>\n\n\n\n<p>A l\u2019origine sans doute une simple butte f\u00e9odale (Plessis est la forme fran\u00e7aise de Quinquis qui d\u00e9signe des maisons entour\u00e9es de haies de branches entrelac\u00e9es) puis une premi\u00e8re construction, plus cons\u00e9quente mais d\u00e9truite, dont les pierres \u00e9normes vont servir de linteaux aux portes et fen\u00eatres (toutes dissemblables&nbsp;!) d\u2019un nouveau manoir \u00e9rig\u00e9 au XVII\u00e8me si\u00e8cle.<\/p>\n\n\n\n<ul class=\"wp-block-list\">\n<li>(5) <strong>V\u00e9n\u00e8tes\u00a0et guerre des Gaules<\/strong>\u00a0: Les V\u00e9n\u00e8tes, \u00e9tablis autour du golfe du Morbihan et sur ses nombreuses \u00eeles, riches du commerce du sel et de l\u2019\u00e9tain, s\u2019opposent aux vis\u00e9es expansionnistes de Jules C\u00e9sar. Ils refusent l\u2019installation des l\u00e9gions romaines sur leur territoire. L\u2019achat par les romains de provisions pour la garnison romaine \u00e9tablie \u00e0 Angers donne lieu \u00e0 un \u00e9change d\u2019otages (\u00e0 l\u2019\u00e9poque, il \u00e9tait courant d\u2019\u00e9changer des otages lors d\u2019une transaction commerciale) Mais sous un pr\u00e9texte fallacieux de non-restitution de deux otages romains, alors que lui-m\u00eame refuse de lib\u00e9rer les otages v\u00e9n\u00e8tes, Jules C\u00e9sar d\u00e9cide d\u2019envahir le pays V\u00e9n\u00e8te. Cela n\u2019est possible que par mer tant les mar\u00e9cages constituent une protection naturelle efficace aux places fortes v\u00e9n\u00e8tes \u00e9tablies sur les buttes. A cet effet, C\u00e9sar fait donc construire une flotte de gal\u00e8res. Cette construction est confi\u00e9e\u2026 aux Pictons, tribu gauloise \u00e9tablie sur un vaste territoire (le Sud Vend\u00e9e, les Deux-S\u00e8vres et la Vienne)\u00a0Fort de la connaissance des courants, des vents ou des mar\u00e9es et gr\u00e2ce \u00e0 la bonne adaptation de leurs puissants navires aux conditions de navigation particuli\u00e8res du golfe du Morbihan, les V\u00e9n\u00e8tes infligent d\u2019abord de lourdes pertes \u00e0 la flotte romaine de Decimus Junius Brutus Albinus. H\u00e9l\u00e0s, un jour o\u00f9 le vent brutalement vient \u00e0 manquer, les gal\u00e8res romaines, l\u00e9g\u00e8res et d\u00e8s lors plus manoeuvrables, reprennent l\u2019avantage. Leurs navires d\u00e9m\u00e2t\u00e9s par les longues faux \u00e9quipant les navires romains, leurs \u00e9quipages massacr\u00e9s par des l\u00e9gionnaires plus familiaris\u00e9s au corps \u00e0 corps, les V\u00e9n\u00e8tes sont contraints de se rendre. La r\u00e9pression est terrible\u00a0: tous les survivants, essentiellement des vieillards, des femmes et des enfants sont conduits en Italie et vendus comme esclaves.\u00a0\u00a0<\/li>\n<\/ul>\n\n\n\n<p>NB&nbsp;:&nbsp;<em>N\u2019en d\u00e9plaise \u00e0 Messieurs Goscinny et Uderzo il est \u00e9vident que le petit village des irr\u00e9ductibles Gaulois devait se situer sur les bords du golfe du Morbihan au c\u0153ur du pays des V\u00e9n\u00e8tes et non quelque part en Bretagne Nord&nbsp;entre Plougasnou et Plouezoc\u2019h !<\/em><\/p>\n\n\n\n<ul class=\"wp-block-list\">\n<li>(6) <strong>Fran\u00e7ois-Marie Luzel\u00a0(1821-1895) :\u00a0<\/strong>Contemporain de Th Hersart de La Villemarqu\u00e9, ce Tr\u00e9gorrois n\u00e9 dans une famille de riches paysans se livre lui aussi \u00e0 un travail de collectage, profitant des nombreuses veill\u00e9es auxquelles il a le plaisir de participer. Gr\u00e2ce \u00e0 l\u2019appui d\u2019Ernest Renan, membre de l\u2019Acad\u00e9mie des inscriptions et des belles-lettres, il obtient m\u00eame\u00a0plusieurs missions annuelles du ministre de l&#8217;Instruction publique pour la recherche de vieux textes litt\u00e9raires en Basse-Bretagne. (Il collecte notamment pr\u00e8s de 150 chants ainsi que des contes aupr\u00e8s de Marc\u2019harit Fulup, une mendiante de la commune de Pluzunet en Tr\u00e9gor, dot\u00e9e d\u2019une m\u00e9moire ph\u00e9nom\u00e9nale).<\/li>\n<\/ul>\n\n\n\n<p>Lors du congr\u00e8s de l\u2019Association bretonne \u00e0 St Brieuc en 1872, il remet en cause l\u2019authenticit\u00e9 du Barzaz Breiz, en disant que lui-m\u00eame n\u2019avait jamais rencontr\u00e9 des versions aussi \u00e9l\u00e9gantes et aussi exemptes de mots fran\u00e7ais.<\/p>\n\n\n\n<ul class=\"wp-block-list\">\n<li>(7) <strong>La num\u00e9ration bretonne<\/strong>\u00a0: Le syst\u00e8me de comptage en breton est vig\u00e9cimal (base 20) comme chez beaucoup de peuples \u2026 de va nu-pieds (les Basques, les Normands ou encore les Azt\u00e8ques et les Mayas par exemple). Ce syst\u00e8me fut m\u00eame utilis\u00e9 au haut moyen \u00e2ge en France comme en atteste l\u2019hospice des Quinze-vingts fond\u00e9 par Saint Louis pour accueillir \u2026 300 aveugles. Ainsi Quarante se dit\u00a0<em>daou-ugent<\/em>\u00a0(2 fois 20), Soixante\u00a0<em>tri-ugent<\/em>\u00a0(3 fois 20) etc<\/li>\n<\/ul>\n\n\n\n<p>Mais les nombres en breton c\u2019est encore plein d\u2019autres \u00ab&nbsp;coquetteries&nbsp;\u00bb pour le plus grand plaisir des linguistes&nbsp;:<\/p>\n\n\n\n<ul class=\"wp-block-list\">\n<li>Dix-huit se dit&nbsp;<em>triwec\u2019h<\/em>&nbsp;(trois fois six) sans raison particuli\u00e8re (les gallois avec \u00ab&nbsp;deunau&nbsp;\u00bb ont conserv\u00e9 eux la forme du vieux breton&nbsp;<em>daou-nau,<\/em>&nbsp;2 fois 9 ce qui n\u2019est pas plus logique). Cinquante c\u2019est&nbsp;<em>hanter-kant<\/em>&nbsp;la moiti\u00e9 de cent, ce qui suppose de savoir compter jusqu\u2019\u00e0 100&nbsp;<em>pour en concevoir la moiti\u00e9.<\/em><\/li>\n<\/ul>\n\n\n\n<ul class=\"wp-block-list\">\n<li>Seuls trois chiffres,2, 3, 4 portent la marque du masculin ou du f\u00e9minin (<em>daou\/div, tri\/teir,<\/em>&nbsp;<em>pevar\/peder<\/em>). Bien s\u00fbr il n\u2019y a pas de correspondance entre les genres f\u00e9minins ou masculins en breton et en fran\u00e7ais. Ainsi on dira&nbsp;:<\/li>\n<\/ul>\n\n\n\n<p>&nbsp;&nbsp;&nbsp;&nbsp;<em>Daou&nbsp;<strong>d<\/strong>i (<\/em>deux maisons),&nbsp;<em>daou<\/em>&nbsp;puisque maison est masculin en breton\u2026et di et non ti car&nbsp;<em>daou&nbsp;<\/em>(ou&nbsp;<em>div<\/em>) provoquent la&nbsp;<em>mutation adoucissante<\/em>&nbsp;du t en d.<\/p>\n\n\n\n<p>&nbsp;&nbsp;&nbsp;<em>&nbsp;Div<\/em>&nbsp;<strong>v<\/strong>levenn deux cheveux, car le poil est f\u00e9minin en breton et que la mutation adoucissante transforme un b en v&nbsp;!<\/p>\n\n\n\n<p>&nbsp;&nbsp;&nbsp;&nbsp;&nbsp;&nbsp;&nbsp;&nbsp;&nbsp;&nbsp;&nbsp;&nbsp;Et surtout pas de marque de pluriel sur le nom qui suit puisque l\u2019indication est fournie pas le nombre lui-m\u00eame&nbsp;! (Certainement une r\u00e8gle d\u2019\u00e9conomie imagin\u00e9e par un L\u00e9onard&nbsp;!)<\/p>\n\n\n\n<p>&nbsp;&nbsp;&nbsp;&nbsp;&nbsp;&nbsp;&nbsp;&nbsp;&#8211;&nbsp;&nbsp;&nbsp;&nbsp;<em>Unan warn-ugent<\/em>&nbsp;(21 soit un au-dessus de vingt),&nbsp;<em>daou warn-ugent<\/em>&nbsp;(22) etc mais \u00e0 partir de&nbsp;&nbsp;&nbsp;&nbsp;&nbsp;trente, changement&nbsp;!&nbsp;<em>unan ha tregont<\/em>&nbsp;(30 et 1 en fran\u00e7ais mais 1 et 30 en breton, de quoi en \u00eatre tout retourn\u00e9&nbsp;!),&nbsp;<em>daou<\/em>&nbsp;(m) ou&nbsp;<em>div<\/em>&nbsp;(f)&nbsp;<em>ha daou-ugent<\/em>(42). Ainsi les unit\u00e9s pr\u00e9c\u00e8dent les dizaines. Mais si le nombre est compos\u00e9 de trois chiffres ou plus alors l\u2019ordre change&nbsp;! On dira par exemple&nbsp;<em>daou&nbsp;<strong>g<\/strong>ant (mutation du k en g apr\u00e8s daou) pevar ha daou-ugent<\/em>&nbsp;pour 244.<\/p>\n\n\n\n<ul class=\"wp-block-list\">\n<li>Vous voulez ajouter un nom&nbsp;? simple&nbsp;: toujours au singulier et plac\u00e9 derri\u00e8re le plus petit nombre. Ainsi 244 cheveux&nbsp;?&nbsp;<em>Daou&nbsp;<strong>g<\/strong>ant peder<\/em>&nbsp;(ah oui cheveux est f\u00e9minin&nbsp;!)&nbsp;<strong><em>b<\/em><\/strong><em>levenn<\/em>&nbsp;ha&nbsp;<em>daou-ugent<\/em>&nbsp;(soit deux cent &#8211; 4 cheveux &#8211; quarante). Oui oui,&nbsp;<strong><em>b<\/em><\/strong><em>levenn<\/em>&nbsp;et non&nbsp;<strong><em>v<\/em><\/strong><em>levenn<\/em>&nbsp;cette fois car si&nbsp;<em>Peder&nbsp;<\/em>(ou&nbsp;<em>pevar<\/em>) entra\u00eene aussi une mutation il s\u2019agit cette fois d\u2019une&nbsp;<em>mutation dite spirante<\/em>&nbsp;qui ne concerne que les lettres k, p et t. Donc 244 maisons cela s\u2019\u00e9crirait&nbsp;? \u2026 de quoi s\u2019arracher les cheveux, non&nbsp;?&nbsp;<\/li>\n<\/ul>\n\n\n\n<p>                                                                                                                                                            HG\/YK &#8211; Avril 2024<\/p>\n\n\n\n<p>Sources&nbsp;:<\/p>\n\n\n\n<ul class=\"wp-block-list\">\n<li>Barzaz Breiz<\/li>\n<\/ul>\n\n\n\n<p>Barzaz Breiz ed 1966<\/p>\n\n\n\n<p><a href=\"https:\/\/fr.wikisource.org\/wiki\/Barzaz_Breiz\/1846\/Les_S\u00e9ries,_ou_le_Druide_et_l\u2019enfant\">https:\/\/fr.wikisource.org\/wiki\/Barzaz_Breiz\/1846\/Les_S\u00e9ries,_ou_le_Druide_et_l\u2019enfant<\/a><\/p>\n\n\n\n<p><\/p>\n\n\n\n<p><a href=\"https:\/\/fr.wikipedia.org\/wiki\/Ar_ranno\u00f9\">https:\/\/fr.wikipedia.org\/wiki\/Ar_ranno\u00f9<\/a><\/p>\n\n\n\n<p><a href=\"https:\/\/www.wikiwand.com\/fr\/Ar_ranno\u00f9\">https:\/\/www.wikiwand.com\/fr\/Ar_ranno\u00f9<\/a><\/p>\n\n\n\n<ul class=\"wp-block-list\">\n<li>Denez Prigent<\/li>\n<\/ul>\n\n\n\n<figure class=\"wp-block-embed is-type-video is-provider-youtube wp-block-embed-youtube wp-embed-aspect-4-3 wp-has-aspect-ratio\"><div class=\"wp-block-embed__wrapper\">\n<iframe loading=\"lazy\" title=\"Denez Prigent - Ar Ranno\u00f9 (live Transmusicales de Rennes)\" width=\"910\" height=\"683\" src=\"https:\/\/www.youtube.com\/embed\/Qq2ZLGrjfaE?feature=oembed\" frameborder=\"0\" allow=\"accelerometer; autoplay; clipboard-write; encrypted-media; gyroscope; picture-in-picture; web-share\" referrerpolicy=\"strict-origin-when-cross-origin\" allowfullscreen><\/iframe>\n<\/div><\/figure>\n\n\n\n<ul class=\"wp-block-list\">\n<li>Glaz<\/li>\n<\/ul>\n\n\n\n<figure class=\"wp-block-embed is-type-video is-provider-youtube wp-block-embed-youtube wp-embed-aspect-4-3 wp-has-aspect-ratio\"><div class=\"wp-block-embed__wrapper\">\n<iframe loading=\"lazy\" title=\"Glaz - Ar Rannou\" width=\"910\" height=\"683\" src=\"https:\/\/www.youtube.com\/embed\/p9XOyufk1PI?feature=oembed\" frameborder=\"0\" allow=\"accelerometer; autoplay; clipboard-write; encrypted-media; gyroscope; picture-in-picture; web-share\" referrerpolicy=\"strict-origin-when-cross-origin\" allowfullscreen><\/iframe>\n<\/div><\/figure>\n\n\n\n<ul class=\"wp-block-list\">\n<li>louise Ebrel<\/li>\n<\/ul>\n\n\n\n<figure class=\"wp-block-embed is-type-video is-provider-youtube wp-block-embed-youtube wp-embed-aspect-4-3 wp-has-aspect-ratio\"><div class=\"wp-block-embed__wrapper\">\n<iframe loading=\"lazy\" title=\"Ar rannou\" width=\"910\" height=\"683\" src=\"https:\/\/www.youtube.com\/embed\/5H3zE6RZWwE?feature=oembed\" frameborder=\"0\" allow=\"accelerometer; autoplay; clipboard-write; encrypted-media; gyroscope; picture-in-picture; web-share\" referrerpolicy=\"strict-origin-when-cross-origin\" allowfullscreen><\/iframe>\n<\/div><\/figure>\n\n\n\n<ul class=\"wp-block-list\">\n<li>Annie Ebrel<\/li>\n<\/ul>\n\n\n\n<p><a href=\"https:\/\/www.youtube.com\/watcdonch?v=rEpO8SGQrEI\">https:\/\/www.youtube.com\/watcdonch?v=rEpO8SGQrEI<\/a><\/p>\n\n\n\n<ul class=\"wp-block-list\">\n<li><\/li>\n<\/ul>\n\n\n\n<ul class=\"wp-block-list\">\n<li>Les s\u0153urs Goadec<\/li>\n<\/ul>\n\n\n\n<p><a href=\"https:\/\/www.google.com\/search?client=safari&amp;rls=en&amp;q=v\u00eapres+des+grenouilles&amp;ie=UTF-8&amp;oe=UTF-8#fpstate=ive&amp;vld=cid:66e33213,vid:ReBLlUYI4Zc,st:0\">https:\/\/www.google.com\/search?client=safari&amp;rls=en&amp;q=v\u00eapres+des+grenouilles&amp;ie=UTF-8&amp;oe=UTF-8#fpstate=ive&amp;vld=cid:66e33213,vid:ReBLlUYI4Zc,st:0<\/a><\/p>\n\n\n\n<ul class=\"wp-block-list\">\n<li>Nombres&nbsp;:<\/li>\n<\/ul>\n\n\n\n<p>base Vingt :<a href=\"https:\/\/www.lefigaro.fr\/langue-francaise\/francophonie\/ces-chiffres-gaulois-que-nous-employons-sans-le-savoir-20190621#:~:text=En%20r%C3%A9alit%C3%A9%2C%20\">https:\/\/www.lefigaro.fr\/langue-francaise\/francophonie\/ces-chiffres-gaulois-que-nous-employons-sans-le-savoir-20190621#:~:text=En%20r\u00e9alit\u00e9%2C%20\u00abnotre%20langue%20utilise,%2Ddire%3A%2070%2C%2090<\/a><\/p>\n","protected":false},"excerpt":{"rendered":"<p>&nbsp;&nbsp;&nbsp;&nbsp;&nbsp;&nbsp;&nbsp;&nbsp;&nbsp;&nbsp;&nbsp;&nbsp;Quelle s\u00e9rie&nbsp;? Quelle saison&nbsp;? Quel \u00e9pisode&nbsp;? Demanderait sans doute imm\u00e9diatement un \u00ab&nbsp;d\u2019jeune&nbsp;\u00bb, en quittant son \u00e9cran des yeux, juste le<\/p>\n","protected":false},"author":1,"featured_media":7302,"comment_status":"closed","ping_status":"closed","sticky":false,"template":"","format":"standard","meta":{"advgb_blocks_editor_width":"","advgb_blocks_columns_visual_guide":"","_s2mail":"yes","footnotes":""},"categories":[10,13,16,1],"tags":[],"class_list":["post-7270","post","type-post","status-publish","format-standard","has-post-thumbnail","hentry","category-chants","category-culture","category-musique","category-non-classe","comments-off"],"author_meta":{"display_name":"hervic","author_link":"https:\/\/kevrenn-larochelle.fr\/?author=1"},"featured_img":"https:\/\/kevrenn-larochelle.fr\/wp-content\/uploads\/2024\/04\/Scan-5-300x194.jpeg","coauthors":[],"tax_additional":{"categories":{"linked":["<a href=\"https:\/\/kevrenn-larochelle.fr\/?cat=10\" class=\"advgb-post-tax-term\">Chants<\/a>","<a href=\"https:\/\/kevrenn-larochelle.fr\/?cat=13\" class=\"advgb-post-tax-term\">Culture<\/a>","<a href=\"https:\/\/kevrenn-larochelle.fr\/?cat=16\" class=\"advgb-post-tax-term\">Musique<\/a>","<a href=\"https:\/\/kevrenn-larochelle.fr\/?cat=1\" class=\"advgb-post-tax-term\">Non class\u00e9<\/a>"],"unlinked":["<span class=\"advgb-post-tax-term\">Chants<\/span>","<span class=\"advgb-post-tax-term\">Culture<\/span>","<span class=\"advgb-post-tax-term\">Musique<\/span>","<span class=\"advgb-post-tax-term\">Non class\u00e9<\/span>"]}},"comment_count":0,"relative_dates":{"created":"Publi\u00e9 2 ans il y a","modified":"Mis \u00e0 jour 2 ans il y a"},"absolute_dates":{"created":"Publi\u00e9 le 1 avril 2024","modified":"Mise \u00e0 jour le 6 mai 2024"},"absolute_dates_time":{"created":"Publi\u00e9 le 1 avril 2024 14h51","modified":"Mise \u00e0 jour le 6 mai 2024 17h43"},"featured_img_caption":"","series_order":"","_links":{"self":[{"href":"https:\/\/kevrenn-larochelle.fr\/index.php?rest_route=\/wp\/v2\/posts\/7270","targetHints":{"allow":["GET"]}}],"collection":[{"href":"https:\/\/kevrenn-larochelle.fr\/index.php?rest_route=\/wp\/v2\/posts"}],"about":[{"href":"https:\/\/kevrenn-larochelle.fr\/index.php?rest_route=\/wp\/v2\/types\/post"}],"author":[{"embeddable":true,"href":"https:\/\/kevrenn-larochelle.fr\/index.php?rest_route=\/wp\/v2\/users\/1"}],"replies":[{"embeddable":true,"href":"https:\/\/kevrenn-larochelle.fr\/index.php?rest_route=%2Fwp%2Fv2%2Fcomments&post=7270"}],"version-history":[{"count":14,"href":"https:\/\/kevrenn-larochelle.fr\/index.php?rest_route=\/wp\/v2\/posts\/7270\/revisions"}],"predecessor-version":[{"id":7381,"href":"https:\/\/kevrenn-larochelle.fr\/index.php?rest_route=\/wp\/v2\/posts\/7270\/revisions\/7381"}],"wp:featuredmedia":[{"embeddable":true,"href":"https:\/\/kevrenn-larochelle.fr\/index.php?rest_route=\/wp\/v2\/media\/7302"}],"wp:attachment":[{"href":"https:\/\/kevrenn-larochelle.fr\/index.php?rest_route=%2Fwp%2Fv2%2Fmedia&parent=7270"}],"wp:term":[{"taxonomy":"category","embeddable":true,"href":"https:\/\/kevrenn-larochelle.fr\/index.php?rest_route=%2Fwp%2Fv2%2Fcategories&post=7270"},{"taxonomy":"post_tag","embeddable":true,"href":"https:\/\/kevrenn-larochelle.fr\/index.php?rest_route=%2Fwp%2Fv2%2Ftags&post=7270"}],"curies":[{"name":"wp","href":"https:\/\/api.w.org\/{rel}","templated":true}]}}