{"id":8323,"date":"2025-05-01T09:54:00","date_gmt":"2025-05-01T07:54:00","guid":{"rendered":"https:\/\/kevrenn-larochelle.fr\/?p=8323"},"modified":"2025-10-24T16:27:27","modified_gmt":"2025-10-24T14:27:27","slug":"copie-de-histoire-de-bretagne-la-decouverte-ou-lignorance","status":"publish","type":"post","link":"https:\/\/kevrenn-larochelle.fr\/?p=8323","title":{"rendered":"Histoire de Bretagne\u00a0: la d\u00e9couverte ou l\u2019ignorance (suite de l&#8217;\u00e9pisode 1)"},"content":{"rendered":"\n<p><em>&nbsp;&nbsp;&nbsp;&nbsp;&nbsp;&nbsp;&nbsp;&nbsp;&nbsp;&nbsp;&nbsp;&nbsp;Dans le chapitre pr\u00e9c\u00e9dent ( Histoire de  Bretagne : <mark style=\"background-color:rgba(0, 0, 0, 0)\" class=\"has-inline-color has-accent-color\"><strong>de l&#8217;origine aux raids vikings<\/strong><\/mark>)  nous avions quitt\u00e9 nos compatriotes faisant face \u00e0 des raids vikings de plus en plus fr\u00e9quents et d\u00e9vastateurs. Allaient-ils pouvoir r\u00e9sister encore longtemps ? <\/em><\/p>\n\n\n\n<p><em>        Dans ce nouvel article, l&#8217;auteur nous invite \u00e0 le suivre jusqu&#8217;au perfide assassinat du duc Arthur Ier par son oncle Jean Sans Terre, nouveau tournant important dans l&#8217;histoire de la Bretagne. <em><em>( NB : le r\u00e9sum\u00e9, pr\u00e9sent\u00e9 \u00e0 la  fin de l&#8217;article, est lui en breton &#8230; et en fran\u00e7ais)<\/em><\/em><\/em>.<\/p>\n\n\n\n<p class=\"has-text-align-center\"><mark style=\"background-color:rgba(0, 0, 0, 0)\" class=\"has-inline-color has-accent-color\"><strong>Episode 2 :<\/strong> <strong><strong>D<\/strong><\/strong><\/mark>&#8216;<mark style=\"background-color:rgba(0, 0, 0, 0)\" class=\"has-inline-color has-accent-color\"><strong><strong>une Nation souveraine \u00e0 l&#8217;emprise anglaise<\/strong>.<\/strong><\/mark><\/p>\n\n\n\n<p><\/p>\n\n\n\n<p>&nbsp;&nbsp;&nbsp;&nbsp;&nbsp;&nbsp;<strong>IV &#8211; 2&nbsp;&nbsp;&nbsp;La r\u00e9sistance en Bretagne s\u2019organise&nbsp;:<\/strong><\/p>\n\n\n\n<p>&nbsp;&nbsp;&nbsp;&nbsp;&nbsp;&nbsp;<strong>Alain Ier, roi de Bretagne, dit Alain Le Grand&nbsp;<\/strong><em>(Alan Veur&nbsp;: 890-907)<\/em><strong>,&nbsp;&nbsp;d\u00e9cide de mettre fin \u00e0 la terreur scandinave<\/strong>.&nbsp;<strong>Il va r\u00e9ussir \u00e0 unifier les Bretons et battra les Vikings \u00e0 Questembert en 888.<\/strong><\/p>\n\n\n\n<p>    Malheureusement, Alain Ier meurt en 907 et la Bretagne va retomber dans l\u2019anarchie, face aux dissensions qui divisent le pays.<\/p>\n\n\n\n<p>    Les Vikings en profitent pour poursuivre leur \u0153uvre de pillage, de massacre et de destruction. La Bretagne, faute de chef, va sombrer dans le chaos&nbsp;! <\/p>\n\n\n<div class=\"wp-block-image\">\n<figure class=\"alignleft size-full is-resized\"><img loading=\"lazy\" decoding=\"async\" width=\"960\" height=\"600\" src=\"https:\/\/kevrenn-larochelle.fr\/wp-content\/uploads\/2025\/05\/63be4cf85dee180c0248b6ea.1.webp\" alt=\"\" class=\"wp-image-8333\" style=\"width:330px;height:auto\" srcset=\"https:\/\/kevrenn-larochelle.fr\/wp-content\/uploads\/2025\/05\/63be4cf85dee180c0248b6ea.1.webp 960w, https:\/\/kevrenn-larochelle.fr\/wp-content\/uploads\/2025\/05\/63be4cf85dee180c0248b6ea.1-300x188.webp 300w, https:\/\/kevrenn-larochelle.fr\/wp-content\/uploads\/2025\/05\/63be4cf85dee180c0248b6ea.1-768x480.webp 768w\" sizes=\"auto, (max-width: 960px) 100vw, 960px\" \/><\/figure>\n<\/div>\n\n\n<p>C\u2019est ainsi que l\u2019abbaye de Land\u00e9vennec est saccag\u00e9e en 913. Les seigneurs bretons et les moines s\u2019enfuient, terrifi\u00e9s, emportant avec eux manuscrits pr\u00e9cieux et reliques et trouvent refuge&nbsp;&nbsp;en quelque coin recul\u00e9 de la Francie, laissant le pauvre peuple sous le joug de l\u2019envahisseur.<\/p>\n\n\n\n<p><strong>IV &#8211; 3 Les Francs, magnanimes (ou plut\u00f4t contraints&#8230;), offrent la Normandie aux Vikings de Rollon&nbsp;!<\/strong><\/p>\n\n\n\n<p>&nbsp;&nbsp;&nbsp;&nbsp;  Mais si la Bretagne a eu \u00e0 subir la terreur viking, la Francie a aussi eu \u00e0 subir durement les attaques incessantes de ces forbans. Ils iront m\u00eame jusqu\u2019\u00e0 Paris&#8230;<\/p>\n\n\n\n<p>&nbsp;&nbsp;&nbsp;  Pourtant, apr\u00e8s des d\u00e9cennies de d\u00e9vastation et de r\u00e9sistance face \u00e0 l\u2019envahisseur nordique,&nbsp;<strong>le roi des Francs Charles Le Simple se r\u00e9sout \u00e0 conclure un accord, en 911, avec Rollon, le chef des Vikings&nbsp;!<\/strong><\/p>\n\n\n\n<p>&nbsp;&nbsp;&nbsp;&nbsp; Par le trait\u00e9 de Saint-Clair-sur-Epte, il est conc\u00e9d\u00e9 aux Vikings un vaste et riche territoire qui va prendre le nom de \u00ab&nbsp;Normandie&nbsp;\u00bb&nbsp;: le pays des \u00ab&nbsp;hommes du nord&nbsp;\u00bb. Ceux-ci abandonneront leur langue \u00ab&nbsp;germanique&nbsp;\u00bb d\u2019origine. On trouve cependant aujourd\u2019hui des traces de leur langue, dans la toponymie, comme Honfleur, Barfleur, etc.<\/p>\n\n\n\n<p>&nbsp;&nbsp;&nbsp;Mais certains Vikings ne se calmeront toujours pas et harc\u00e8leront encore, longtemps apr\u00e8s, les Bretons, du c\u00f4t\u00e9 de Dol et du Mont Saint-Michel, lesquels r\u00e9sisteront vaillamment et les repousseront chaque fois&nbsp;!<\/p>\n\n\n\n<p><strong>IV &#8211; 4&nbsp;La Bretagne enfin lib\u00e9r\u00e9e&nbsp;!<\/strong><\/p>\n\n\n\n<p>Les Vikings continueront en effet \u00e0 s\u00e9vir encore en Bretagne. Ce n\u2019est qu\u2019<strong>en 937, \u00e0 Nantes<\/strong>, puis&nbsp;<strong>en 939, \u00e0 Trans, pr\u00e8s de Dol<\/strong>, qu\u2019<strong>Alain II&nbsp;&nbsp;Barbe Torte, dit Le Lib\u00e9rateur&nbsp;<\/strong><em>(Alan Varvek&nbsp;: 937-952)<\/em><strong>&nbsp;<\/strong>et petit-fils d&#8217;Alain Le Grand, d\u00e9livrera d\u00e9finitivement la Bretagne de ces bandits&nbsp;:<strong>&nbsp;deux autres grandes dates de l\u2019Histoire de Bretagne qu\u2019il faut absolument retenir&nbsp;!<\/strong><\/p>\n\n\n\n<p>     Alain II sera couronn\u00e9 duc de Bretagne.&nbsp;<strong>Ce titre de duc<\/strong>&nbsp;qui veut dire&nbsp;<strong>le \u00ab&nbsp;meneur&nbsp;\u00bb, le \u00ab&nbsp;chef&nbsp;\u00bb<\/strong>, lui sera glorieusement donn\u00e9, en place de celui de roi, en honneur de sa vaillance face \u00e0 l\u2019envahisseur nordique qu\u2019il a vaincu. Ce titre sera d\u00e9sormais celui que porteront les souverains suivants de la Bretagne.&nbsp;<strong>Le glorieux et courageux duc de Bretagne, Alain II, mourra en 952.<\/strong><\/p>\n\n\n\n<p><strong>IV &#8211; 5&nbsp;Les cons\u00e9quences de l\u2019\u00e9preuve viking pour la Bretagne :<\/strong><\/p>\n\n\n\n<p><strong>&nbsp;&nbsp;&nbsp;&nbsp;L\u2019\u00e9preuve viking aura \u00e9t\u00e9 terrible pour la Bretagne. Elle aura deux cons\u00e9quences<\/strong>&nbsp;(ainsi que le rappelle Joseph Chardonnet dans son Histoire de Bretagne) :<\/p>\n\n\n\n<p>&#8211; l\u2019une, positive, est que cette \u00e9preuve aura conduit \u00e0 forger l\u2019\u00e2me bretonne et \u00e0&nbsp;<strong>renforcer le sentiment national<\/strong>&nbsp;\u00e0 travers la r\u00e9sistance d\u2019un peuple qui prend conscience de lui-m\u00eame. Cette \u00e9preuve aura conduit \u00e9galement \u00e0 affaiblir le pouvoir des Francs (eux-m\u00eames attaqu\u00e9s par les Vikings&#8230;lorsqu\u2019ils ne faisaient pas alliance avec eux). Le pouvoir des Francs constituait en effet \u00e0 l\u2019\u00e9poque une menace s\u00e9rieuse pour la Bretagne.<\/p>\n\n\n\n<p>&#8211; l\u2019autre, n\u00e9gative, est que, r\u00e9fugi\u00e9es pendant de longues ann\u00e9es loin de leur pays,&nbsp;<strong>les classes dirigeantes bretonnes, revenues en Bretagne, auront perdu la pratique de leur langue d\u2019origine<\/strong>&nbsp;au profit du parler gallo-romain qu\u2019elles avaient pratiqu\u00e9 dans leurs lieux de refuge.<\/p>\n\n\n\n<p>&nbsp;&nbsp;&nbsp; Sans l\u2019\u00e9preuve viking, le breton serait vraisemblablement rest\u00e9 la langue des classes dirigeantes bretonnes et serait devenu un jour (qui sait ?) langue officielle d\u2019\u00c9tat en Bretagne.<\/p>\n\n\n\n<p>&nbsp;&nbsp;&nbsp;&nbsp;   C\u2019est donc un \u00ab&nbsp;miracle&nbsp;\u00bb que la langue bretonne ait surv\u00e9cu et soit parvenue jusqu\u2019\u00e0 nous. C\u2019est gr\u00e2ce \u00e0 la vitalit\u00e9 exceptionnelle de la soci\u00e9t\u00e9 bretonne dans toutes ses composantes&nbsp;:&nbsp;&nbsp;paysans, p\u00eacheurs, petits artisans et commer\u00e7ants, bas-clerg\u00e9, petite noblesse, que notre langue bretonne sera sauvegard\u00e9e et ce, malgr\u00e9 l\u2019\u00e9nergie qui va \u00eatre d\u00e9ploy\u00e9e durant des si\u00e8cles, et encore aujourd\u2019hui, pour l\u2019\u00e9radiquer&nbsp;!<\/p>\n\n\n\n<p>\u00a0\u00a0\u00a0\u00a0 Mais la langue bretonne r\u00e9gressera peu \u00e0 peu vers l\u2019ouest, au fil des si\u00e8cles. La limite de la langue bretonne s\u2019\u00e9tablissait au IX\u00e8me si\u00e8cle sur une ligne allant de la baie du Mont Saint-Michel au nord jusqu\u2019\u00e0 l\u2019est de Saint-Nazaire au sud. Elle s\u2019est ensuite stabilis\u00e9e\u00a0\u00a0\u00a0sur une ligne allant de l\u2019ouest de Saint-Brieuc au nord, jusqu\u2019\u00e0 l\u2019est de la presqu\u2019\u00eele de Rhuys au sud. A l\u2019est de cette ligne, le parler d\u2019o\u00efl (le gallo) a alors remplac\u00e9 le breton chez le peuple.<\/p>\n\n\n\n<p><strong>Remarque personnelle&nbsp;<\/strong>:&nbsp;<em>le gallo est un dialecte d\u2019origine latine, \u00ab&nbsp;import\u00e9&nbsp;\u00bb en Bretagne par l\u2019influence fran\u00e7aise grandissante. Ainsi, dans l&#8217;est du pays. le gallo a fini par remplacer le breton dans les couches populaires, en m\u00eame temps que celui-ci r\u00e9gressait vers l\u2019ouest. Doit-on, en ce cas, et au regard des origines celtiques profondes de la Bretagne continentale, consid\u00e9rer v\u00e9ritablement le gallo comme une langue \u00ab&nbsp;bretonne&nbsp;\u00bb&nbsp;?<\/em><\/p>\n\n\n\n<p><strong>V &#8211;&nbsp;Une p\u00e9riode de grands changements g\u00e9opolitiques<\/strong> (<strong>1066-1203<\/strong>)<\/p>\n\n\n\n<p><strong>V &#8211; 1 La conqu\u00eate de l\u2019Angleterre par Guillaume le Conqu\u00e9rant :<\/strong><\/p>\n\n\n\n<p>&nbsp;&nbsp;&nbsp;&nbsp;  Nous sommes au XI\u00e8me si\u00e8cle.&nbsp;<strong>L\u2019ann\u00e9e 1066 est une date importante&nbsp;: c\u2019est la conqu\u00eate de l\u2019Angleterre par Guillaume le Conqu\u00e9rant<\/strong>, descendant des Normands et devenu duc de Normandie. Il a des pr\u00e9tentions sur le tr\u00f4ne d\u2019Angleterre. C\u2019est un dr\u00f4le de gaillard. Il a, entre-temps, r\u00e9ussi \u00e0 \u00e9liminer par empoisonnement&nbsp;<strong>le duc de Bretagne Conan<\/strong>&nbsp;<strong>II&nbsp;<\/strong>(Konan II&nbsp;: 1040 &#8211; 1066) qui pr\u00e9tendait aussi au tr\u00f4ne de Normandie&#8230;<\/p>\n\n\n<div class=\"wp-block-image\">\n<figure class=\"alignleft size-full is-resized\"><img loading=\"lazy\" decoding=\"async\" width=\"528\" height=\"560\" src=\"https:\/\/kevrenn-larochelle.fr\/wp-content\/uploads\/2025\/05\/Hastings.jpg\" alt=\"\" class=\"wp-image-8335\" style=\"width:271px;height:auto\" srcset=\"https:\/\/kevrenn-larochelle.fr\/wp-content\/uploads\/2025\/05\/Hastings.jpg 528w, https:\/\/kevrenn-larochelle.fr\/wp-content\/uploads\/2025\/05\/Hastings-283x300.jpg 283w\" sizes=\"auto, (max-width: 528px) 100vw, 528px\" \/><\/figure>\n<\/div>\n\n\n<p>&nbsp;&nbsp;&nbsp;   Guillaume le B\u00e2tard (qui n\u2019est pas encore Guillaume Le Conqu\u00e9rant) r\u00e9unit une grande flotte de navires avec laquelle il franchit en 1066 la Manche, \u00e0 partir de Saint-Val\u00e9ry-sur-Somme, dans le but de s\u2019emparer de la couronne d\u2019Angleterre. Le tiers de ses troupes est compos\u00e9 de Bretons. Guillaume affronte Harold \u00e0 la bataille d\u2019Hastings. Il est victorieux et est bient\u00f4t couronn\u00e9 roi d\u2019Angleterre.<\/p>\n\n\n\n<p><strong>V &#8211; 2 Des effets inattendus&nbsp;:<\/strong><\/p>\n\n\n\n<p>&nbsp;&nbsp;&nbsp;   Parmi les seigneurs bretons, il est un certain&nbsp;<strong>Raoul de Ga\u00ebl, seigneur de Broc\u00e9liande&nbsp;<\/strong>qui s\u2019est battu vaillamment aux c\u00f4t\u00e9s de Guillaume. Celui-ci le r\u00e9compense en lui offrant le royaume d\u2019East-Anglia. Mais Raoul de Ga\u00ebl se rebelle contre Guillaume et est renvoy\u00e9 sur ses terres en Bretagne. Son s\u00e9jour en Angleterre lui a permis toutefois d\u2019entrer en contact avec tout un imaginaire celtique qui perdure dans la grande \u00eele (l\u2019ancienne Bretagne).&nbsp;&nbsp;&nbsp;&nbsp;&nbsp;Raoul se nourrit de tout ce qu\u2019on appelle \u00ab&nbsp;la Mati\u00e8re de Bretagne&nbsp;\u00bb&nbsp;: Arthur et les Chevaliers de la Table ronde, Merlin l\u2019Enchanteur, etc.<\/p>\n\n\n\n<p>&nbsp;&nbsp;&nbsp;   De retour sur ses terres, Raoul de Ga\u00ebl importe ces belles l\u00e9gendes d\u2019outre-Manche sur ses terres de Broc\u00e9liande, l\u00e9gendes qui viendront \u00ab&nbsp;enchanter&nbsp;\u00bb \u00e0 jamais les terres armoricaines&nbsp;!<\/p>\n\n\n\n<p>&nbsp;&nbsp;&nbsp;   Il faut savoir que c\u2019est cette \u00ab&nbsp;Mati\u00e8re de Bretagne&nbsp;\u00bb, en langue galloise (donc \u00ab&nbsp;bretonne&nbsp;\u00bb), puis transmise en France par Geoffroy de Montmouth qui est \u00e0 l\u2019origine du \u00ab&nbsp;roman fran\u00e7ais&nbsp;\u00bb&nbsp;!<\/p>\n\n\n\n<p>&nbsp;&nbsp;&nbsp; Il est par ailleurs \u00e0 noter que le duc de Bretagne&nbsp;<strong>Alain IV Fergent<\/strong>&nbsp;(Alan IV Fergant&nbsp;: 1084 &#8211; 1112), mari\u00e9 \u00e0 une fille de Guillaume Le Conqu\u00e9rant. est. h\u00e9l\u00e0s, le dernier souverain \u00e0 parler breton ce qui ne sera pas sans cons\u00e9quence pour l&#8217;avenir de la Bretagne et l&#8217;affirmation de son identit\u00e9. <\/p>\n\n\n<div class=\"wp-block-image\">\n<figure class=\"alignright size-full is-resized\"><img loading=\"lazy\" decoding=\"async\" width=\"941\" height=\"966\" src=\"https:\/\/kevrenn-larochelle.fr\/wp-content\/uploads\/2025\/05\/Sceau_Alain_Fregent.jpg\" alt=\"\" class=\"wp-image-8381\" style=\"width:168px;height:auto\" srcset=\"https:\/\/kevrenn-larochelle.fr\/wp-content\/uploads\/2025\/05\/Sceau_Alain_Fregent.jpg 941w, https:\/\/kevrenn-larochelle.fr\/wp-content\/uploads\/2025\/05\/Sceau_Alain_Fregent-292x300.jpg 292w, https:\/\/kevrenn-larochelle.fr\/wp-content\/uploads\/2025\/05\/Sceau_Alain_Fregent-768x788.jpg 768w\" sizes=\"auto, (max-width: 941px) 100vw, 941px\" \/><figcaption class=\"wp-element-caption\">Sceau Alan IV Fergent<\/figcaption><\/figure>\n<\/div>\n\n\n<p>&nbsp;&nbsp;&nbsp;   Il faut savoir aussi que la conqu\u00eate de Guillaume a eu pour effet d\u2019introduire en Angleterre nombre de termes fran\u00e7ais (ou de vieux fran\u00e7ais) dans l\u2019ancien anglais de l\u2019\u00e9poque, qu\u2019on retrouve dans l\u2019anglais d\u2019aujourd\u2019hui. Comme quoi, le devenir des langues est souvent li\u00e9 au pouvoir et au r\u00f4le des armes&nbsp;! Cela est si vrai aussi pour le devenir de la langue bretonne. On le verra, malheureusement, par la suite&#8230;<\/p>\n\n\n\n<p><\/p>\n\n\n\n<p>&nbsp;&nbsp;&nbsp;&nbsp;&nbsp;&nbsp;&nbsp;<strong>V &#8211; 3 L\u2019av\u00e8nement des Plantagen\u00eats&nbsp;:<\/strong><\/p>\n\n\n\n<p><strong>Nous sommes maintenant au XII\u00e8me si\u00e8cle.<\/strong><\/p>\n\n\n\n<p>&nbsp;&nbsp;&nbsp;&nbsp;  La Bretagne va conna\u00eetre une p\u00e9riode encore mouvement\u00e9e, en prise avec des querelles seigneuriales internes. On est en pleine p\u00e9riode f\u00e9odale. En face de la Bretagne, deux voisins avec beaucoup d\u2019app\u00e9tit&nbsp;:<\/p>\n\n\n\n<ul class=\"wp-block-list\">\n<li><strong>le roi d\u2019une France naissante<\/strong>&nbsp;dont les territoires sont encore r\u00e9duits et assez lointains, mais qui ne cache pas son ambition d\u2019accro\u00eetre son domaine.<\/li>\n<\/ul>\n\n\n\n<ul class=\"wp-block-list\">\n<li><strong>une dynastie dont la puissance s\u2019accro\u00eet chaque jour&nbsp;: les Plantagen\u00eats,<\/strong>&nbsp;issus de l\u2019Anjou (&nbsp;!!!). Par le jeu d\u2019alliances matrimoniales habiles, ils vont devenir ma\u00eetres de la Normandie, du Poitou, du Maine, de l\u2019Aquitaine et m\u00eame\u2026 de l\u2019Angleterre.&nbsp;&nbsp;&nbsp;Comment faire pour lutter contre ce voisin qui encercle la Bretagne&nbsp;? Chercher une alliance avec le roi de France&nbsp;? En attendant. apr\u00e8s bien des p\u00e9rip\u00e9ties,&nbsp;<strong>la Bretagne finit par tomber dans leurs griffes.<\/strong><\/li>\n<\/ul>\n\n\n<div class=\"wp-block-image\">\n<figure class=\"alignleft size-full is-resized\"><img loading=\"lazy\" decoding=\"async\" width=\"410\" height=\"478\" src=\"https:\/\/kevrenn-larochelle.fr\/wp-content\/uploads\/2025\/05\/blason-plangenet-2.png\" alt=\"\" class=\"wp-image-8339\" style=\"width:112px;height:auto\" srcset=\"https:\/\/kevrenn-larochelle.fr\/wp-content\/uploads\/2025\/05\/blason-plangenet-2.png 410w, https:\/\/kevrenn-larochelle.fr\/wp-content\/uploads\/2025\/05\/blason-plangenet-2-257x300.png 257w\" sizes=\"auto, (max-width: 410px) 100vw, 410px\" \/><figcaption class=\"wp-element-caption\">Blason des Plantagenets<\/figcaption><\/figure>\n<\/div>\n\n\n<p>&nbsp;&nbsp;&nbsp;&nbsp; En 1166 (comme le dit Louis El\u00e9go\u00ebt dans son livre Bretagne \u2013 une histoire), Henri II Plantagen\u00eat, roi d\u2019Angleterre (et second mari d\u2019Ali\u00e9nor d\u2019Aquitaine) va exiger de&nbsp;<strong>Conan IV le Petit<\/strong> . ainsi appel\u00e9 car de caract\u00e8re faible&nbsp;(Konan IV ar Bihan&nbsp;: 1148 \u2013 1166),&nbsp;<strong>les fian\u00e7ailles de sa fille Constance<\/strong>(Konstanza&nbsp;: 1166-1196)&nbsp;<strong>h\u00e9riti\u00e8re du duch\u00e9 avec son fils Geoffroy<\/strong>. Henri II gouvernera la Bretagne avec duret\u00e9, le temps que Geoffroy acc\u00e8de effectivement au pouvoir.<\/p>\n\n\n\n<p>&nbsp;&nbsp;&nbsp; Geoffroy est l&#8217;un des fils d\u2019Ali\u00e9nor d\u2019Aquitaine et de son second mari, Henri II, le roi d\u2019Angleterre. Rappelons qu\u2019Ali\u00e9nor s\u2019\u00e9tait, en premi\u00e8res noces, mari\u00e9e avec le roi de France Louis VII, duquel elle divor\u00e7a\u2026 (Ah, l\u2019erreur !). Geoffroy est moins connu que Richard Coeur de Lion (son illustre fr\u00e8re a\u00een\u00e9 et fils pr\u00e9f\u00e9r\u00e9 d\u2019Ali\u00e9nor) et que son autre fr\u00e8re, le fourbe et cruel Jean Sans Terre.<\/p>\n\n\n\n<p><strong>V &#8211; 4&nbsp;&nbsp;&nbsp;Geoffroy devient duc de Bretagne&nbsp;:<\/strong><\/p>\n\n\n<div class=\"wp-block-image\">\n<figure class=\"alignright size-full is-resized\"><img loading=\"lazy\" decoding=\"async\" width=\"552\" height=\"564\" src=\"https:\/\/kevrenn-larochelle.fr\/wp-content\/uploads\/2025\/05\/Sceau_de_Geoffroi_II_-_Duc_de_Bretagne.png\" alt=\"\" class=\"wp-image-8378\" style=\"width:140px;height:auto\" srcset=\"https:\/\/kevrenn-larochelle.fr\/wp-content\/uploads\/2025\/05\/Sceau_de_Geoffroi_II_-_Duc_de_Bretagne.png 552w, https:\/\/kevrenn-larochelle.fr\/wp-content\/uploads\/2025\/05\/Sceau_de_Geoffroi_II_-_Duc_de_Bretagne-294x300.png 294w\" sizes=\"auto, (max-width: 552px) 100vw, 552px\" \/><figcaption class=\"wp-element-caption\">Sceau du duc Geoffroy II<\/figcaption><\/figure>\n<\/div>\n\n\n<p>&nbsp;&nbsp;&nbsp; <strong>Geoffroy, devenu duc de Bretagne, sous le nom de Geoffroy II<\/strong>&nbsp;(Jafrez II&nbsp;: 1181 &#8211; 1186),&nbsp;<strong>va gouverner le pays avec sagesse, dans un contexte tr\u00e8s difficile<\/strong>. Il aura un fils&nbsp;:&nbsp;<strong>Arthur<\/strong>&nbsp;qui, \u00e0 la mort de son p\u00e8re en 1186,&nbsp;<strong>sera couronn\u00e9 duc de Bretagne sous le nom d\u2019Arthur Ier&nbsp;<\/strong>(Arzhur Ia\u00f1&nbsp;: 1186 \u2013 1203).<\/p>\n\n\n<div class=\"wp-block-image\">\n<figure class=\"alignleft size-full is-resized\"><img loading=\"lazy\" decoding=\"async\" width=\"191\" height=\"230\" src=\"https:\/\/kevrenn-larochelle.fr\/wp-content\/uploads\/2025\/05\/medium.jpg\" alt=\"\" class=\"wp-image-8336\" style=\"width:149px;height:auto\"\/><\/figure>\n<\/div>\n\n\n<p>&nbsp;&nbsp;&nbsp; Lorsque Richard Coeur de Lion, devenu roi d&#8217;Angleterre, est mortellement bless\u00e9 en 1199 par un carreau d&#8217;arbal\u00e8te, lors du si\u00e8ge du ch\u00e2teau de Ch\u00e2lus Chabrol (Haute-Vienne), se pose la question de la succession au tr\u00f4ne d\u2019Angleterre. Deux pr\u00e9tendants&nbsp;: Jean Sans Terre et&nbsp;<strong>Arthur Ier, duc de Bretagne et\u2026 petit-fils du roi d\u2019Angleterre&nbsp;!<\/strong><\/p>\n\n\n\n<p><strong>V &#8211; 5&nbsp;&nbsp;&nbsp;Le destin tragique d\u2019Arthur Ier&nbsp;:<\/strong><\/p>\n\n\n\n<p>&nbsp;&nbsp;&nbsp;&nbsp; Arthur, craignant pour sa vie, s\u2019est mis sous la protection de Philippe Auguste, protection qui n\u2019en est pas une (Mauvaise pioche !). En effet, le roi de France conseille d\u2019abord \u00e0 Arthur de r\u00e9clamer la couronne d\u2019Angleterre, puis fait volte-face et reconna\u00eet Jean Sans Terre comme l\u2019h\u00e9ritier l\u00e9gitime, en \u00e9change de terres anglaises qui viennent opportun\u00e9ment agrandir le domaine royal&nbsp;(Ben tiens !) &#8230;<\/p>\n\n\n<div class=\"wp-block-image\">\n<figure class=\"alignright size-full is-resized\"><img loading=\"lazy\" decoding=\"async\" width=\"900\" height=\"960\" src=\"https:\/\/kevrenn-larochelle.fr\/wp-content\/uploads\/2025\/05\/Sceau-couleur.jpg\" alt=\"\" class=\"wp-image-8376\" style=\"width:130px;height:auto\" srcset=\"https:\/\/kevrenn-larochelle.fr\/wp-content\/uploads\/2025\/05\/Sceau-couleur.jpg 900w, https:\/\/kevrenn-larochelle.fr\/wp-content\/uploads\/2025\/05\/Sceau-couleur-281x300.jpg 281w, https:\/\/kevrenn-larochelle.fr\/wp-content\/uploads\/2025\/05\/Sceau-couleur-768x819.jpg 768w\" sizes=\"auto, (max-width: 900px) 100vw, 900px\" \/><figcaption class=\"wp-element-caption\">Sceau du duc Arthur Ier<\/figcaption><\/figure>\n<\/div>\n\n\n<p>&nbsp;&nbsp;&nbsp;&nbsp;Arthur est fait prisonnier, victime d\u2019une trahison.&nbsp;<strong>Il est assassin\u00e9 en 1203 (il n\u2019a que 19 ans&nbsp;!) par son oncle Jean Sans Terre, puis jet\u00e9 dans la Seine \u00e0 Rouen&nbsp;: encore une date, funeste celle-l\u00e0 pour la Bretagne, dont il faut se souvenir&#8230;<\/strong><\/p>\n\n\n\n<p>&nbsp;&nbsp;&nbsp;&nbsp; La raison d\u2019\u00c9tat a parl\u00e9. Ali\u00e9nor n\u2019a dit mot sur l\u2019assassinat de son petit-fils par l\u2019un de ses propres fils&nbsp;!! Vous verrez maintenant peut-\u00eatre la \u00ab&nbsp;courageuse&nbsp;\u00bb Ali\u00e9nor d\u2019Aquitaine d\u2019un autre autre \u0153il&#8230;<\/p>\n\n\n\n<p>&nbsp;&nbsp;&nbsp;&nbsp; Philippe Auguste finit par prendre possession de toutes les provinces anglaises sur le continent, faisant croire ainsi aux Bretons qu\u2019il venge la mort d\u2019Arthur. Mais, en r\u00e9alit\u00e9, le roi de France a bien exploit\u00e9 le jeune duc.<\/p>\n\n\n\n<p><strong>&nbsp;&nbsp;&nbsp;&nbsp; La Bretagne pleure son jeune souverain<\/strong>&nbsp;! Mais elle est enfin d\u00e9barrass\u00e9e (pour un temps\u2026 ) d\u2019une domination anglaise trop pesante. Va-t-elle pour autant se lib\u00e9rer aussi de l\u2019influence fran\u00e7aise qui se fait maintenant de plus en plus pressante&nbsp;?<\/p>\n\n\n\n<p>&nbsp;&nbsp;&nbsp;  <em>La r\u00e9ponse \u00e0 cette question, d\u00e9terminante pour l\u2019avenir de cette Bretagne en construction sera \u00e0 d\u00e9couvrir dans un prochain article, lui aussi \u2026 en construction.&nbsp;&nbsp;<\/em><\/p>\n\n\n\n<p><strong>A suivre &#8230;.<\/strong> <a href=\"https:\/\/kevrenn-larochelle.fr\/?p=8431\" target=\"_blank\" rel=\"noreferrer noopener\">Article suivant ICI<\/a><\/p>\n\n\n\n<p>YK \u2013 miz Mae 2025<\/p>\n\n\n\n<p>Sources : Histoire de Bretagne &#8211; Joseph Chardonnet-(Ed. Nouvelles \u00e9ditions latines)<\/p>\n\n\n\n<p>Histoire de Bretagne &#8211; Jean-Pierre Le Mat -(Ed. Jorann-Embanner)<\/p>\n\n\n\n<p>Bretagne : une histoire &#8211; Louis El\u00e9go\u00ebt -(Ed. CRDP de Bretagne)<\/p>\n\n\n\n<p>Bretagne : Une histoire &#8211; Istor Breizh &#8211; Louis El\u00e9go\u00ebt (Ed. TES)<\/p>\n\n\n\n<p>Histoire de la Bretagne et des pays celtiques \u2013 (Ed. Skol Vreiz)<\/p>\n\n\n\n<p>Histoire secr\u00e8te de la Bretagne &#8211; Jean Markale- (Ed. Albin Michel)<\/p>\n\n\n\n<p>La femme celte &#8211; Jean Markale &#8211; (Ed. Albin Michel)<\/p>\n\n\n\n<p>Histoire de Bretagne &#8211; A Dupouy &#8211; (Ed. Boivin et cie)<\/p>\n\n\n\n<p>Histoire de Bretagne &#8211; Yann Brekilien &#8211; (Ed France empire)<\/p>\n\n\n\n<p>  Et l&#8217;indispensable internet notamment pour tout ce qui est illustrations<\/p>\n\n\n\n<p><\/p>\n\n\n\n<p><strong>En r\u00e9sum\u00e9<\/strong>&nbsp;:&nbsp;<\/p>\n\n\n\n<p><strong style=\"font-style: italic;\">En fran\u00e7ais :<\/strong><\/p>\n\n\n\n<p>&#8211; En&nbsp;&nbsp;911, par le trait\u00e9 de Saint-Clair-sur-Epte, les Francs accordent aux Vikings de Rollon un territoire qui deviendra la Normandie.<\/p>\n\n\n\n<p>&#8211; D\u2019autres Vikings continuent \u00e0 s\u00e9vir du c\u00f4t\u00e9 de Dol et dans l\u2019estuaire de la Loire.<\/p>\n\n\n\n<p>&#8211;&nbsp;&nbsp;Alain II d\u00e9livre d\u00e9finitivement la Bretagne des Vikings en 937 et prend le titre de \u00ab&nbsp;duc&nbsp;\u00bb (le meneur).<\/p>\n\n\n\n<p>&#8211; 1066&nbsp;: Guillaume, duc de Normandie, envahit l\u2019Angleterre et est couronn\u00e9 roi.<\/p>\n\n\n\n<p>&#8211; La dynastie&nbsp;&nbsp;des Plantagen\u00eats s\u2019impose en Bretagne.<\/p>\n\n\n\n<p>&#8211; Le duc de Bretagne Conan IV est contraint de fiancer, en 1166, sa fille Constance avec Geoffroy Plantagen\u00eat (fils d\u2019Henri II, roi d\u2019Angleterre et d\u2019Ali\u00e9nor d\u2019Aquitaine). Geoffroy devient duc de Bretagne sous le nom de Geoffroy II.<\/p>\n\n\n\n<p>&#8211; A la mort, en 1186, de Geoffroy II, son fils Arthur devient duc de Bretagne sous le nom d\u2019Arthur Ier.<\/p>\n\n\n\n<p>&#8211; Richard Coeur de Lion, roi d\u2019Angleterre (fr\u00e8re a\u00een\u00e9 de Geoffroy) meurt en 1199.<\/p>\n\n\n\n<p>&#8211; Arthur, qui pr\u00e9tend \u00e0 la couronne d\u2019Angleterre, est assassin\u00e9 en 1203 par&nbsp;&nbsp;son oncle, Jean Sans Terre (l\u2019autre fils d\u2019Ali\u00e9nor et fr\u00e8re de Geoffroy), lui aussi pr\u00e9tendant \u00e0 la couronne.<\/p>\n\n\n\n<p><strong><em>E<\/em><\/strong> <strong><em>brezhoneg :<\/em><\/strong><\/p>\n\n\n\n<p>&#8211; E 911, gant feur-skrid Saint-Clair-sur-Epte, e vo roet un tiriad d\u2019ar Vikinged Rollon gant&nbsp;&nbsp;ar Franked, hag a vo anvet an Normandi.<br>&#8211; Vikinged all a zalc\u2019h d\u2019ober ar reuz tro-dro Dol hag aber al Liger.<\/p>\n\n\n\n<p>&#8211; Alan II a zieub Breizh da vat diouzh ar Vikinged e&nbsp;&nbsp;937 hag a gemer lesanv \u00ab&nbsp;an dug&nbsp;\u00bb (ar rener).<\/p>\n\n\n\n<p>&#8211; 1066&nbsp;: Gwilherm, dug&nbsp;&nbsp;Bro-Normandi, a aloub Bro-Saoz hag a vez kurunet roue.<\/p>\n\n\n\n<p>&#8211; Remziad ar Plantagen\u00eat a red brema\u00f1 e Breizh.<\/p>\n\n\n\n<details class=\"wp-block-details is-layout-flow wp-block-details-is-layout-flow\"><summary>&#8211; E 1166, e vez dleet Konan IV, dug Breizh,&nbsp;&nbsp;da zimezi\u00f1 e merc\u2019h Konstanza gant Jafrez Plantagen\u00eat (mab Henri II, roue Bro-Saoz hag Alienor Akwiten). Jafrez a zeu neuze da veza\u00f1 kurunet dug Breizh, gant an anav Jafrez II.<\/summary>\n<p><\/p>\n<\/details>\n\n\n\n<p>&#8211; Pa varv Jafrez II e 1186, e teu e vab Arzhur da veza\u00f1 kurunet dug Breizh diouzh an anv Arzhur Kenta\u00f1.<\/p>\n\n\n\n<p>&#8211; Richarzh Kalon-Leon, roue Bro-Saoz, (breur kenta\u00f1 Jafrez) a varv e 1199.<\/p>\n\n\n\n<p>&#8211; Arzhur a c&#8217;houlenn neuze kurunenn Bro-Saoz&nbsp;. Drouklazhet e vez e 1203 gant e eontr Yann Dizouar, hag a zo e\u00f1 o c\u2019houlenn ivez&nbsp;&nbsp;kurunenn Bro-Saoz.<\/p>\n\n\n\n<p><\/p>\n","protected":false},"excerpt":{"rendered":"<p>&nbsp;&nbsp;&nbsp;&nbsp;&nbsp;&nbsp;&nbsp;&nbsp;&nbsp;&nbsp;&nbsp;&nbsp;Dans le chapitre pr\u00e9c\u00e9dent ( Histoire de Bretagne : de l&#8217;origine aux raids vikings) nous avions quitt\u00e9 nos compatriotes faisant<\/p>\n","protected":false},"author":1,"featured_media":8157,"comment_status":"closed","ping_status":"closed","sticky":false,"template":"","format":"standard","meta":{"advgb_blocks_editor_width":"","advgb_blocks_columns_visual_guide":"","_s2mail":"yes","footnotes":""},"categories":[13,14,1],"tags":[],"class_list":["post-8323","post","type-post","status-publish","format-standard","has-post-thumbnail","hentry","category-culture","category-histoire","category-non-classe","comments-off"],"author_meta":{"display_name":"hervic","author_link":"https:\/\/kevrenn-larochelle.fr\/?author=1"},"featured_img":"https:\/\/kevrenn-larochelle.fr\/wp-content\/uploads\/2025\/02\/05c85773d87878ddd4ab26ea5557329c-e1740671014212-300x170.jpg","coauthors":[],"tax_additional":{"categories":{"linked":["<a href=\"https:\/\/kevrenn-larochelle.fr\/?cat=13\" class=\"advgb-post-tax-term\">Culture<\/a>","<a href=\"https:\/\/kevrenn-larochelle.fr\/?cat=14\" class=\"advgb-post-tax-term\">Histoire<\/a>","<a href=\"https:\/\/kevrenn-larochelle.fr\/?cat=1\" class=\"advgb-post-tax-term\">Non class\u00e9<\/a>"],"unlinked":["<span class=\"advgb-post-tax-term\">Culture<\/span>","<span class=\"advgb-post-tax-term\">Histoire<\/span>","<span class=\"advgb-post-tax-term\">Non class\u00e9<\/span>"]}},"comment_count":0,"relative_dates":{"created":"Publi\u00e9 12 mois il y a","modified":"Mis \u00e0 jour 6 mois il y a"},"absolute_dates":{"created":"Publi\u00e9 le 1 mai 2025","modified":"Mise \u00e0 jour le 24 octobre 2025"},"absolute_dates_time":{"created":"Publi\u00e9 le 1 mai 2025 9h54","modified":"Mise \u00e0 jour le 24 octobre 2025 16h27"},"featured_img_caption":"","series_order":"","_links":{"self":[{"href":"https:\/\/kevrenn-larochelle.fr\/index.php?rest_route=\/wp\/v2\/posts\/8323","targetHints":{"allow":["GET"]}}],"collection":[{"href":"https:\/\/kevrenn-larochelle.fr\/index.php?rest_route=\/wp\/v2\/posts"}],"about":[{"href":"https:\/\/kevrenn-larochelle.fr\/index.php?rest_route=\/wp\/v2\/types\/post"}],"author":[{"embeddable":true,"href":"https:\/\/kevrenn-larochelle.fr\/index.php?rest_route=\/wp\/v2\/users\/1"}],"replies":[{"embeddable":true,"href":"https:\/\/kevrenn-larochelle.fr\/index.php?rest_route=%2Fwp%2Fv2%2Fcomments&post=8323"}],"version-history":[{"count":45,"href":"https:\/\/kevrenn-larochelle.fr\/index.php?rest_route=\/wp\/v2\/posts\/8323\/revisions"}],"predecessor-version":[{"id":9014,"href":"https:\/\/kevrenn-larochelle.fr\/index.php?rest_route=\/wp\/v2\/posts\/8323\/revisions\/9014"}],"wp:featuredmedia":[{"embeddable":true,"href":"https:\/\/kevrenn-larochelle.fr\/index.php?rest_route=\/wp\/v2\/media\/8157"}],"wp:attachment":[{"href":"https:\/\/kevrenn-larochelle.fr\/index.php?rest_route=%2Fwp%2Fv2%2Fmedia&parent=8323"}],"wp:term":[{"taxonomy":"category","embeddable":true,"href":"https:\/\/kevrenn-larochelle.fr\/index.php?rest_route=%2Fwp%2Fv2%2Fcategories&post=8323"},{"taxonomy":"post_tag","embeddable":true,"href":"https:\/\/kevrenn-larochelle.fr\/index.php?rest_route=%2Fwp%2Fv2%2Ftags&post=8323"}],"curies":[{"name":"wp","href":"https:\/\/api.w.org\/{rel}","templated":true}]}}