{"id":8431,"date":"2025-06-04T10:52:25","date_gmt":"2025-06-04T08:52:25","guid":{"rendered":"https:\/\/kevrenn-larochelle.fr\/?p=8431"},"modified":"2026-01-17T09:35:13","modified_gmt":"2026-01-17T08:35:13","slug":"copie-de-histoire-de-bretagne-la-decouverte-ou-lignorance-suite-de-lepisode-1","status":"publish","type":"post","link":"https:\/\/kevrenn-larochelle.fr\/?p=8431","title":{"rendered":"Histoire de Bretagne\u00a0: la d\u00e9couverte ou l\u2019ignorance (suite de l&#8217;\u00e9pisode 2)"},"content":{"rendered":"\n<p><\/p>\n\n\n\n<p><\/p>\n\n\n\n<p><em>\u00a0\u00a0\u00a0\u00a0\u00a0\u00a0\u00a0\u00a0\u00a0\u00a0\u00a0\u00a0 Le chapitre pr\u00e9c\u00e9dent ( Histoire de  Bretagne : <mark style=\"background-color:rgba(0, 0, 0, 0)\" class=\"has-inline-color has-accent-color\"><strong>d&#8217;une Nation souveraine \u00e0 l&#8217;emprise anglaise<\/strong><\/mark>)  s&#8217;est achev\u00e9 sur l&#8217;assassinat du jeune duc <strong>Arthur Ier <\/strong>par son oncle Jean sans Terre<\/em> et la reconqu\u00eate par Philippe Auguste de toutes les possessions continentales du roi d&#8217;Angleterre. La Bretagne qui pleure son jeune souverain se croit ainsi veng\u00e9e mais&#8230;<\/p>\n\n\n\n<p><em>        Du d\u00e9but du XIII \u00e8me si\u00e8cle au milieu du XIV \u00e8me si\u00e8cle, ce ne sera que lutte pour le pouvoir. Dans ce nouvel article. c&#8217;est bien ce que nous d\u00e9crit l&#8217;auteur au travers  de l&#8217;\u00e9vocation de ducs au fort caract\u00e8re (Arbre g\u00e9n\u00e9alogique en fin d&#8217;article)<\/em><\/p>\n\n\n\n<p><em>  . <em><em>( NB : le r\u00e9sum\u00e9, pr\u00e9sent\u00e9 \u00e0 la  fin de l&#8217;article, est lui en breton &#8230; et en fran\u00e7ais)<\/em><\/em><\/em>.<\/p>\n\n\n\n<p class=\"has-text-align-center\"><strong><mark style=\"background-color:rgba(0, 0, 0, 0)\" class=\"has-inline-color has-accent-color\">Episode 3 : De l\u2019emprise cap\u00e9tienne \u00e0 la guerre de succession<\/mark><\/strong><mark style=\"background-color:rgba(0, 0, 0, 0)\" class=\"has-inline-color has-accent-color\"><strong>.<\/strong><\/mark><\/p>\n\n\n\n<p><\/p>\n\n\n\n<p>&nbsp;&nbsp;&nbsp;&nbsp;&nbsp;<strong>&nbsp;&nbsp;&nbsp;&nbsp;&nbsp;&nbsp;&nbsp;&nbsp;&nbsp;&nbsp;&nbsp;&nbsp;<\/strong><strong>VI &#8211;&nbsp;<u>L\u2019emprise cap\u00e9tienne&nbsp;<\/u>:<\/strong><\/p>\n\n\n\n<p><strong>VI &#8211; 1 Les Cap\u00e9tiens en embuscade&nbsp;:<\/strong><\/p>\n\n\n\n<p><strong>&nbsp;&nbsp;&nbsp;&nbsp;Arthur Ier&nbsp;<\/strong><em>(Arzhur Kenta\u00f1)<\/em>&nbsp;<strong>n\u2019est plus.<\/strong>&nbsp;<strong>On est maintenant au tout d\u00e9but du XIII\u00e8me si\u00e8cle<\/strong>.<\/p>\n\n\n\n<p>&nbsp;&nbsp;&nbsp;&nbsp;L\u2019emprise cap\u00e9tienne sur la Bretagne se manifeste d\u00e9sormais de plus en plus. D\u00e8s 1199, un signe r\u00e9v\u00e9lateur a d\u2019ailleurs \u00e9t\u00e9 la d\u00e9cision prise par le pape Innocent III de supprimer la m\u00e9tropole de Dol, obligeant ainsi la Bretagne \u00e0 ne d\u00e9pendre que de la m\u00e9tropole de Tours\u2026 L\u2019alliance du sabre et du goupillon, vous connaissez&nbsp;?<\/p>\n\n\n\n<p>&nbsp;&nbsp;&nbsp;&nbsp;Constance, la m\u00e8re d\u2019Arthur, s\u2019est maintenant remari\u00e9e avec un certain Guy de Thouars. De cette union est n\u00e9e une fille pr\u00e9nomm\u00e9e Alix&nbsp;<em>(Aliz&nbsp;: 1213 \u2013 1221)<\/em>. C\u2019est donc une demi-s\u0153ur d\u2019Arthur.<\/p>\n\n\n<div class=\"wp-block-image\">\n<figure class=\"alignleft size-full is-resized\"><img loading=\"lazy\" decoding=\"async\" width=\"419\" height=\"483\" src=\"https:\/\/kevrenn-larochelle.fr\/wp-content\/uploads\/2025\/06\/images-3.jpeg\" alt=\"\" class=\"wp-image-8476\" style=\"width:149px;height:auto\" srcset=\"https:\/\/kevrenn-larochelle.fr\/wp-content\/uploads\/2025\/06\/images-3.jpeg 419w, https:\/\/kevrenn-larochelle.fr\/wp-content\/uploads\/2025\/06\/images-3-260x300.jpeg 260w\" sizes=\"auto, (max-width: 419px) 100vw, 419px\" \/><figcaption class=\"wp-element-caption\">ALIX\n Duchesse de Bretagne\n\n<\/figcaption><\/figure>\n<\/div>\n\n\n<p><strong>&nbsp;&nbsp;&nbsp;&nbsp;Alix est maintenant l\u2019h\u00e9riti\u00e8re du duch\u00e9 de Bretagne.<\/strong>&nbsp;<strong>Et le roi Philippe Auguste ne tarde pas \u00e0 imposer, en 1213, le mariage d\u2019Alix avec un prince issu de la famille royale cap\u00e9tienne, son neveu,<\/strong>&nbsp;<strong>Pierre de Dreux&nbsp;.&nbsp;<\/strong>Le tour est jou\u00e9&nbsp;!&nbsp;&nbsp;Philippe Auguste va gouverner personnellement la Bretagne de 1203 \u00e0 1213, pendant les jeunes ann\u00e9es d\u2019Alix. Ce mariage est une mani\u00e8re pour Philippe Auguste d\u2019assujettir la Bretagne, \u00e0 d\u00e9faut&#8230; d\u2019oser encore l\u2019annexer&nbsp;!<\/p>\n\n\n\n<p><strong>VI &#8211; 2 Pierre de Dreux, premier duc de Bretagne d\u2019origine cap\u00e9tienne&nbsp;:<\/strong><\/p>\n\n\n\n<p>&nbsp;&nbsp;&nbsp;&nbsp;&nbsp;Pierre de Dreux devient duc de Bretagne en 1213, sous le nom de&nbsp;<strong>Pierre Ier&nbsp;<\/strong><em>(P\u00ear Kenta\u00f1&nbsp;: 1213 &#8211; 1237).<\/em><\/p>\n\n\n\n<p><strong>&nbsp;&nbsp;&nbsp;&nbsp;&nbsp;Il a un sacr\u00e9 temp\u00e9rament, ce Pierre&nbsp;! Il va, au d\u00e9part, gouverner la Bretagne comme s\u2019il avait \u00e9t\u00e9 de sang breton, en pr\u00e9servant les int\u00e9r\u00eats du pays, en affirmant l\u2019identit\u00e9 du duch\u00e9, en imposant son pouvoir et en tenant t\u00eate aux seigneurs f\u00e9odaux de son domaine.<\/strong><\/p>\n\n\n<div class=\"wp-block-image\">\n<figure class=\"alignright size-full\"><img loading=\"lazy\" decoding=\"async\" width=\"220\" height=\"246\" src=\"https:\/\/kevrenn-larochelle.fr\/wp-content\/uploads\/2025\/06\/petrdreux.jpg.webp\" alt=\"\" class=\"wp-image-8451\"\/><figcaption class=\"wp-element-caption\">Pierre de Dreux\n(1187 &#8211; 1250)<\/figcaption><\/figure>\n<\/div>\n\n\n<p>&nbsp;&nbsp;&nbsp;&nbsp;Il \u00e9tait d\u2019abord destin\u00e9 \u00e0 une carri\u00e8re eccl\u00e9siastique, mais il y renon\u00e7a bien vite. C\u2019est pour cela qu\u2019on le surnomma&nbsp;<strong>\u00ab&nbsp;Mauclerc&nbsp;\u00bb<\/strong>&nbsp;<em>(\u00ab&nbsp;Brizhkloareg&nbsp;\u00bb)&nbsp;:<\/em>&nbsp;\u00ab&nbsp;mauvais clerc&nbsp;\u00bb. Ce surnom se confirmera par la suite, compte-tenu de ses d\u00e9m\u00eal\u00e9s avec l\u2019\u00c9glise, dont il d\u00e9noncera les privil\u00e8ges. Il supprimera notamment le tier\u00e7age, taxe eccl\u00e9siastique per\u00e7ue par le clerg\u00e9 breton sur les h\u00e9ritages vacants (!). Il sera, pour cela, excommuni\u00e9 par le pape\u2026 Mais mal lui en prendra de s\u2019attaquer aux barons de son duch\u00e9 ainsi qu\u2019\u00e0 l\u2019\u00c9glise toute puissante et, surtout, plus tard\u2026 \u00e0 Saint Louis, le roi Louis IX&nbsp;!<\/p>\n\n\n\n<p><strong>VI &#8211; 3 Pierre 1<sup>er<\/sup>&nbsp;offre les hermines de son blason comme embl\u00e8mes \u00e0 la Bretagne&nbsp;:<\/strong><\/p>\n\n\n<div class=\"wp-block-image\">\n<figure class=\"alignleft size-full is-resized\"><img loading=\"lazy\" decoding=\"async\" width=\"300\" height=\"330\" src=\"https:\/\/kevrenn-larochelle.fr\/wp-content\/uploads\/2025\/06\/rihfbouv9-0.png\" alt=\"\" class=\"wp-image-8563\" style=\"width:111px;height:auto\" srcset=\"https:\/\/kevrenn-larochelle.fr\/wp-content\/uploads\/2025\/06\/rihfbouv9-0.png 300w, https:\/\/kevrenn-larochelle.fr\/wp-content\/uploads\/2025\/06\/rihfbouv9-0-273x300.png 273w\" sizes=\"auto, (max-width: 300px) 100vw, 300px\" \/><figcaption class=\"wp-element-caption\">blason de Pierre de Dreux<\/figcaption><\/figure>\n<\/div>\n\n\n<p><strong>&nbsp;&nbsp;&nbsp;&nbsp;Pierre Mauclerc arrive en Bretagne avec sur son propre blason un <\/strong><strong>&nbsp;<\/strong>&#8220;<strong>franc quartier&#8221;&nbsp;d\u2019hermines, hermines qu\u2019il gardera et qui deviendront les embl\u00e8mes de la Bretagne<\/strong>.<strong>&nbsp;On les retrouve aujourd\u2019hui sur l\u2019actuel drapeau blanc et noir : le<\/strong>&nbsp;<strong>\u00ab&nbsp;Gwenn-ha-Du&nbsp;\u00bb<\/strong>. Il faut rappeler qu\u2019auparavant, le drapeau breton \u00e9tait \u00ab&nbsp;Ar Groaz Du&nbsp;\u00bb&nbsp;: une croix noire sur fond blanc, le premier drapeau que les Bretons arbor\u00e8rent lors des premi\u00e8res croisades.<\/p>\n\n\n<div class=\"wp-block-image\">\n<figure class=\"alignright size-full is-resized\"><img loading=\"lazy\" decoding=\"async\" width=\"425\" height=\"722\" src=\"https:\/\/kevrenn-larochelle.fr\/wp-content\/uploads\/2025\/06\/images-7.jpeg\" alt=\"\" class=\"wp-image-8438\" style=\"width:113px;height:auto\" srcset=\"https:\/\/kevrenn-larochelle.fr\/wp-content\/uploads\/2025\/06\/images-7.jpeg 425w, https:\/\/kevrenn-larochelle.fr\/wp-content\/uploads\/2025\/06\/images-7-177x300.jpeg 177w\" sizes=\"auto, (max-width: 425px) 100vw, 425px\" \/><\/figure>\n<\/div>\n\n\n<p>Ce sera un peu plus tard, en 1312, que le blason de la Bretagne adoptera d\u00e9finitivement &#8220;l&#8217;hermine plain&#8221;, un \u00e9cu blanc parsem\u00e9 d&#8217;hermines noires et qui sera d\u00e9sormais l&#8217;embl\u00e8me du pays.<\/p>\n\n\n\n<p><strong>VI &#8211; 4 Pierre Ier&nbsp;: un duc au caract\u00e8re affirm\u00e9, mais finalement contraint de \u00ab&nbsp;rentrer dans le rang&nbsp;\u00bb :<\/strong><\/p>\n\n\n\n<p>&nbsp;&nbsp;&nbsp;&nbsp;Citons maintenant Jean-Pierre Le Mat dans son Histoire de Bretagne&nbsp;: \u00ab&nbsp;Pierre Mauclerc restera fid\u00e8le aux rois Philippe Auguste et Louis VIII. Mais, pendant la r\u00e9gence de Blanche de Castille, m\u00e8re du futur Saint Louis, il deviendra un opposant d\u00e9clar\u00e9 et se rapprochera du roi anglais Henri III. En janvier 1230, Mauclerc enverra \u00e0 Louis IX (Saint Louis) une lettre, qui \u00e9tait un v\u00e9ritable d\u00e9fi :&nbsp;<em>Je ne me consid\u00e8re pas comme un vassal du roi de France et je ne lui rends plus hommage (\u2026)&nbsp;\u00bb.<\/em><\/p>\n\n\n<div class=\"wp-block-image\">\n<figure class=\"alignright size-full is-resized\"><img loading=\"lazy\" decoding=\"async\" width=\"273\" height=\"184\" src=\"https:\/\/kevrenn-larochelle.fr\/wp-content\/uploads\/2025\/06\/images.jpeg\" alt=\"\" class=\"wp-image-8454\" style=\"width:292px;height:auto\"\/><\/figure>\n<\/div>\n\n\n<p>&nbsp;&nbsp;&nbsp;&nbsp;La r\u00e9action ne se fait pas attendre.<strong>&nbsp;Louis IX entreprend d\u2019envahir la Bretagne,<\/strong>&nbsp;mais il se heurte \u00e0 la forteresse nouvellement construite \u00e0 la fronti\u00e8re est du duch\u00e9&nbsp;:&nbsp;&nbsp;Saint-Aubin-du-Cormier (dont on parlera plus tard, dans d\u2019autres circonstances&#8230;). La guerre reprend trois ans plus tard. Pierre Mauclerc ne peut contenir l\u2019assaut des troupes fran\u00e7aises et doit se soumettre. Il gardera pour autant le droit de gouverner la Bretagne jusqu\u2019\u00e0 la majorit\u00e9 de son fils&nbsp;<strong>Jean Ier le Roux<em>&nbsp;<\/em><\/strong><em>(Yann Kenta\u00f1&nbsp; ar Rouz : 1237 &#8211; 1286)<\/em>.<\/p>\n\n\n\n<p>&nbsp;&nbsp;&nbsp;&nbsp;Il est \u00e0 signaler que Pierre Ier, tout rebelle qu\u2019il ait \u00e9t\u00e9, aura, au cours de son r\u00e8gne, bien servi \u00e9galement les int\u00e9r\u00eats territoriaux fran\u00e7ais, ainsi qu\u2019il est rappel\u00e9 dans l\u2019Histoire de la Bretagne et des pays celtiques (\u00e9d. Skol Vreiz), \u00ab en participant, d\u00e8s 1219, \u00e0 l\u2019exp\u00e9dition contre Toulouse qui, mettant fin \u00e0 la croisade des Albigeois, aboutira \u00e0 l\u2019annexion de l\u2019Occitanie par la Francie, et par la m\u00eame \u00e0 la naissance de la France&nbsp;\u00bb. Pas tr\u00e8s glorieux, tout cela&nbsp;!<\/p>\n\n\n<div class=\"wp-block-image\">\n<figure class=\"alignleft size-full is-resized\"><img loading=\"lazy\" decoding=\"async\" width=\"518\" height=\"519\" src=\"https:\/\/kevrenn-larochelle.fr\/wp-content\/uploads\/2025\/06\/Sceau_de_Jean_I_-_Duc_de_Bretagne.png\" alt=\"\" class=\"wp-image-8462\" style=\"width:145px;height:auto\" srcset=\"https:\/\/kevrenn-larochelle.fr\/wp-content\/uploads\/2025\/06\/Sceau_de_Jean_I_-_Duc_de_Bretagne.png 518w, https:\/\/kevrenn-larochelle.fr\/wp-content\/uploads\/2025\/06\/Sceau_de_Jean_I_-_Duc_de_Bretagne-300x300.png 300w, https:\/\/kevrenn-larochelle.fr\/wp-content\/uploads\/2025\/06\/Sceau_de_Jean_I_-_Duc_de_Bretagne-150x150.png 150w, https:\/\/kevrenn-larochelle.fr\/wp-content\/uploads\/2025\/06\/Sceau_de_Jean_I_-_Duc_de_Bretagne-144x144.png 144w\" sizes=\"auto, (max-width: 518px) 100vw, 518px\" \/><figcaption class=\"wp-element-caption\">Sceau de Jean Ier le Roux<\/figcaption><\/figure>\n<\/div>\n\n\n<p>&nbsp;&nbsp;&nbsp;&nbsp;Jean Ier le Roux h\u00e9ritera du fort caract\u00e8re de son p\u00e8re, tout en \u00e9tant plus prudent et plus r\u00e9fl\u00e9chi dans ses entreprises. Un exemple de son temp\u00e9rament&nbsp;: de retour des Croisades, et voyant que les banquiers juifs install\u00e9s \u00e0 Nantes (qui pratiquaient l\u2019usure et aupr\u00e8s desquels il avait contract\u00e9 un pr\u00eat), lui demandent, en remboursement, des sommes exorbitantes, le duc Jean Ier d\u00e9cida en 1240, d\u2019expulser tous les Juifs de Bretagne\u2026<\/p>\n\n\n\n<p>&nbsp;&nbsp;&nbsp;Trois souverains se succ\u00e9deront ensuite, de p\u00e8re en fils :&nbsp;<strong>Jean II&nbsp;<\/strong><em>(Yann II&nbsp;: 1286 &#8211; 1305)<\/em><strong>, Arthur II&nbsp;<\/strong><em>(Arzhur II&nbsp;: 1305-1312)<\/em><strong>&nbsp;et Jean III&nbsp;<\/strong><em>(Yann III&nbsp;: 1312 -1341)<\/em>, lesquels r\u00e9gneront sur la Bretagne dans une p\u00e9riode de calme et de relative stabilit\u00e9.<\/p>\n\n\n\n<p><strong>VII &#8211;&nbsp;<u>La guerre de succession de Bretagne<\/u>&nbsp;:<\/strong><\/p>\n\n\n\n<p><strong>VII &#8211; 1 Qui pour succ\u00e9der au duc Jean III&nbsp;?<\/strong><\/p>\n\n\n\n<p><strong>&nbsp;&nbsp;&nbsp;&nbsp;<\/strong><strong>Nous sommes maintenant au XIV\u00e8me si\u00e8cle<\/strong>.<\/p>\n\n\n\n<p>&nbsp;&nbsp;&nbsp;&nbsp;La Bretagne va traverser une p\u00e9riode terrible qui va menacer sa survie.&nbsp;&nbsp;&nbsp;<\/p>\n\n\n\n<p>&nbsp;&nbsp;&nbsp;&nbsp;Comme souvent dans les familles, la succession est source de probl\u00e8mes entre les h\u00e9ritiers.&nbsp;<strong>Jean III le Bon<\/strong>&nbsp;<em>(Yann III&nbsp;ar Mad : 1312 &#8211; 1341)<\/em>, fils d\u2019Arthur II,&nbsp;<strong>meurt en 1341, sans h\u00e9ritier direct.&nbsp;<\/strong>Qui pour lui succ\u00e9der&nbsp;?<\/p>\n\n\n\n<p><strong>&nbsp;&nbsp;&nbsp;&nbsp;Jean III a<\/strong>&nbsp;<strong>bien<\/strong>&nbsp;<strong>une ni\u00e8ce&nbsp;: Jeanne de Penthi\u00e8vre<\/strong>&nbsp;<em>(Janed Pentevr)<\/em>, mari\u00e9e \u00e0 Charles de Blois, un prince fran\u00e7ais&nbsp;<strong>et aussi un demi-fr\u00e8re<\/strong>, un certain&nbsp;<strong>Jean de Montfort&nbsp;<\/strong><em>(Yann Mo\u00f1forzh),&nbsp;<\/em>fils \u00e9galement d\u2019Arthur II<strong>.&nbsp;<\/strong>&nbsp;Tous deux peuvent pr\u00e9tendre au tr\u00f4ne de Bretagne (vous me suivez ?).<\/p>\n\n\n<div class=\"wp-block-image\">\n<figure class=\"alignright size-full is-resized\"><img loading=\"lazy\" decoding=\"async\" width=\"500\" height=\"550\" src=\"https:\/\/kevrenn-larochelle.fr\/wp-content\/uploads\/2025\/06\/Armoiries_Bretagne_-_Arms_of_Brittany.svg_.png\" alt=\"\" class=\"wp-image-8570\" style=\"width:143px;height:auto\" srcset=\"https:\/\/kevrenn-larochelle.fr\/wp-content\/uploads\/2025\/06\/Armoiries_Bretagne_-_Arms_of_Brittany.svg_.png 500w, https:\/\/kevrenn-larochelle.fr\/wp-content\/uploads\/2025\/06\/Armoiries_Bretagne_-_Arms_of_Brittany.svg_-273x300.png 273w\" sizes=\"auto, (max-width: 500px) 100vw, 500px\" \/><figcaption class=\"wp-element-caption\">blason de Jean III<\/figcaption><\/figure>\n<\/div>\n\n\n<p><strong>&nbsp;&nbsp;&nbsp;&nbsp;Mais Jean III ne d\u00e9signe ni l\u2019un ni l\u2019autre de ces pr\u00e9tendants comme devant lui succ\u00e9der. Pire ! En 1334, Jean III d\u00e9cide de faire du roi de France son h\u00e9ritier au tr\u00f4ne ducal&#8230;&nbsp;<\/strong>(et quoi encore !).&nbsp;<strong>Fort heureusement, le Parlement&nbsp;de Bretagne s\u2019oppose fermement et unanimement \u00e0 ce projet&nbsp;!<\/strong><\/p>\n\n\n\n<p>&nbsp;&nbsp;&nbsp;&nbsp;La guerre entre les deux pr\u00e9tendants \u00e0 la couronne ducale est d\u00e9sormais in\u00e9vitable. La guerre de succession de Bretagne s\u2019engage. Elle durera 23 ans. De multiples exactions seront commises sur le territoire breton, tour \u00e0 tour par les Anglais et par les Fran\u00e7ais et dont le peuple sera la victime. Batailles sanglantes, alliances, tr\u00eaves, trahisons, pillages se succ\u00e8dent&nbsp;!<\/p>\n\n\n\n<p><strong>VII &#8211; 2 La Bretagne dans la tourmente&nbsp;:<\/strong><\/p>\n\n\n\n<p><strong>&nbsp;&nbsp;&nbsp;&nbsp;<strong>La France et l\u2019Angleterre profitent alors de la situation pour accro\u00eetre leurs emprises respectives sur&nbsp;&nbsp;la Bretagne qui&nbsp;&nbsp;va ainsi se trouver prise en otage et \u00e9cartel\u00e9e entre deux partis qui s\u2019opposeront sans cesse&nbsp;:<\/strong><\/strong><\/p>\n\n\n\n<p>&#8211; d\u2019un c\u00f4t\u00e9, le<strong>&nbsp;\u00ab&nbsp;parti franco-breton&nbsp;\u00bb, avec Jeanne de Penthi\u00e8vre et Charles de Blois,&nbsp;<\/strong>et avec essentiellement le soutien de certains seigneurs bretons qui penchent de plus en plus du c\u00f4t\u00e9 fran\u00e7ais. On y retrouvera l\u2019aventurier et arriviste Du Guesclin, un \u00eatre compl\u00e8tement illettr\u00e9,&nbsp;&nbsp;\u00e0 la laideur repoussante.<\/p>\n\n\n\n<p>&#8211; de l\u2019autre, le&nbsp;<strong>\u00ab&nbsp;parti anglo-breton&nbsp;\u00bb, avec Jean de Montfort,&nbsp;<\/strong>soutenu par certaines villes de Bretagne qui ont notamment des int\u00e9r\u00eats dans le maintien des liens de&nbsp;commerce avec l\u2019Angleterre.<\/p>\n\n\n\n<p>&nbsp;&nbsp;&nbsp;&nbsp;&nbsp;&nbsp;&nbsp;&nbsp;Jean de Montfort \u00e9tait conscient que sa rivale, Jeanne de Penthi\u00e8vre, avait le plein soutien de la France. D\u00e8s la mort de Jean III, Jean de Montfort parcourt donc la Bretagne pour se faire reconna\u00eetre comme \u00e9tant le duc l\u00e9gitime aupr\u00e8s des seigneurs et du peuple. Mais il ne parvient pas \u00e0 rallier tous les soutiens qu\u2019il esp\u00e9rait. La situation est donc ind\u00e9cise&nbsp;: certaines villes sont du c\u00f4t\u00e9 de Jean de Monfort, d\u2019autres penchent pour Jeanne de Penthi\u00e8vre&#8230;<\/p>\n\n\n\n<p>&nbsp;&nbsp;&nbsp;Le parti de Jeanne de Penthi\u00e8vre et de Charles de Blois est en position de force dans les ann\u00e9es 1342 &#8211; 1343, lorsque Jean de Montfort est arr\u00eat\u00e9 et emprisonn\u00e9.<\/p>\n\n\n\n<p>&nbsp;&nbsp;&nbsp;&nbsp;C\u2019est l\u00e0 qu\u2019intervient sa femme, Jeanne de Flandre, en pr\u00e9sentant un jour, \u00e0 la foule amass\u00e9e \u00e0 Vannes, son fils Jean \u00e2g\u00e9 de 2 ans seulement. Cela aura pour effet de galvaniser les partisans de Jean de Montfort&nbsp;!<\/p>\n\n\n\n<p>&nbsp;&nbsp;&nbsp;&nbsp;C\u2019est apr\u00e8s, une suite de prises de villes et de si\u00e8ges, dans l\u2019un et l\u2019autre camp.&nbsp;<strong>La Bretagne devient un enjeu pour l\u2019Angleterre (dont le roi est Edouard III) et pour la France (dont le souverain<\/strong>&nbsp;<strong>est Philippe VI)<\/strong>. Une tr\u00eave est sign\u00e9e \u00e0 Malestroit en 1343 et Jean de Montfort recouvre la libert\u00e9. Mais la tr\u00eave est bient\u00f4t bris\u00e9e de fa\u00e7on ignoble par le roi de France et Jean de Montfort doit s\u2019enfuir en Angleterre. Il reviendra combattre en Bretagne quelque temps apr\u00e8s, mais mourra en 1345.<\/p>\n\n\n\n<p><strong>&nbsp;&nbsp;&nbsp;&nbsp;La guerre se poursuit car, en affaiblissant la Bretagne, elle arrange \u00e0 la fois la France et l\u2019Angleterre<\/strong>. En 1355, une arm\u00e9e anglaise d\u00e9barque en Bretagne dans laquelle se trouve Jean, le fils de Jean de Montfort, alors \u00e2g\u00e9 seulement de 16 ans. Les Anglais se comporteront en bandits, ravageant la c\u00f4te nord du pays. Les Fran\u00e7ais ne seront pas en reste&#8230;Tr\u00eaves et reprises du conflit se succ\u00e9deront&#8230;&nbsp;&nbsp;&nbsp;&nbsp;En 1363, le fils de Jean de Montfort franchit \u00e0 nouveau la Manche. Il a maintenant 24 ans.&nbsp;<strong>C\u2019est alors qu\u2019il remporte pr\u00e8s d\u2019Auray une bataille d\u00e9cisive, l\u2019ann\u00e9e suivante, le 29 septembre 1364. Les troupes franco-bretonnes sont d\u00e9faites. Charles de Blois est tu\u00e9 et Du Guesclin est captur\u00e9.<\/strong>.Jeanne de Penthi\u00e8vre renonce \u00e0 continuer la lutte, mais garde ses domaines en Bretagne.<\/p>\n\n\n\n<p><strong>VII &#8211; 3 Le d\u00e9nouement :<\/strong><\/p>\n\n\n<div class=\"wp-block-image\">\n<figure class=\"alignright size-full is-resized\"><img loading=\"lazy\" decoding=\"async\" width=\"330\" height=\"244\" src=\"https:\/\/kevrenn-larochelle.fr\/wp-content\/uploads\/2025\/06\/St_Michel_Guerande.jpg\" alt=\"\" class=\"wp-image-8460\" style=\"width:230px;height:auto\" srcset=\"https:\/\/kevrenn-larochelle.fr\/wp-content\/uploads\/2025\/06\/St_Michel_Guerande.jpg 330w, https:\/\/kevrenn-larochelle.fr\/wp-content\/uploads\/2025\/06\/St_Michel_Guerande-300x222.jpg 300w\" sizes=\"auto, (max-width: 330px) 100vw, 330px\" \/><figcaption class=\"wp-element-caption\">Gu\u00e9rande<\/figcaption><\/figure>\n<\/div>\n\n\n<p><strong>&nbsp;&nbsp;&nbsp;&nbsp;La paix est finalement sign\u00e9e, le 12 avril 1365, \u00e0 Gu\u00e9rande, entre le roi de France Charles V et Jean, le fils de Jean de Montfort, qui est reconnu comme duc l\u00e9gitime de Bretagne, en prenant le nom de<\/strong>&nbsp;<strong>Jean IV<\/strong><em>&nbsp;(Yann Pevar 1364-1399)<\/em>. sous une suzerainet\u00e9 du roi de France qui est purement honorifique.<\/p>\n\n\n\n<p>&nbsp;&nbsp;&nbsp;&nbsp;La Bretagne sort exsangue et ruin\u00e9e \u00e0 l\u2019issue de cette terrible guerre, mais l\u2019unit\u00e9 bretonne est sauve et le patriotisme&nbsp;&nbsp;&nbsp;renforc\u00e9 !&nbsp;<strong>La Bretagne a d\u00e9sormais \u00e0 sa t\u00eate un souverain dont les Bretons reconnaissent la l\u00e9gitimit\u00e9, mais la situation reste fragile&#8230;<\/strong><\/p>\n\n\n<div class=\"wp-block-image\">\n<figure class=\"alignleft size-full is-resized\"><img loading=\"lazy\" decoding=\"async\" width=\"640\" height=\"657\" src=\"https:\/\/kevrenn-larochelle.fr\/wp-content\/uploads\/2025\/06\/Sceau_de_Jean_IV_-_Duc_de_Bretagne.png\" alt=\"Sceau de Jean IV\" class=\"wp-image-8465\" style=\"width:146px;height:auto\" srcset=\"https:\/\/kevrenn-larochelle.fr\/wp-content\/uploads\/2025\/06\/Sceau_de_Jean_IV_-_Duc_de_Bretagne.png 640w, https:\/\/kevrenn-larochelle.fr\/wp-content\/uploads\/2025\/06\/Sceau_de_Jean_IV_-_Duc_de_Bretagne-292x300.png 292w\" sizes=\"auto, (max-width: 640px) 100vw, 640px\" \/><\/figure>\n<\/div>\n\n\n<p>&nbsp;&nbsp;&nbsp;&nbsp;Le duc Jean IV va-t-il pouvoir gouverner durablement, politiquement et \u00e9conomiquement le duch\u00e9 ? La guerre ne risque-t-elle pas de reprendre ?<\/p>\n\n\n\n<p>Vous le saurez bien s\u00fbr dans un prochain article \u2026. et n&#8217;h\u00e9sitez pas \u00e0 utiliser le formulaire de contact du site pour faire part de vos commentaires.<\/p>\n\n\n\n<p> A bient\u00f4t !<\/p>\n\n\n\n<p><strong>A suivre &#8230;.<\/strong> <a href=\"https:\/\/kevrenn-larochelle.fr\/?p=8600\" target=\"_blank\" rel=\"noreferrer noopener\">Article suivant IC<\/a>I<\/p>\n\n\n\n<p>YK \u2013 juin 2025 &#8211; miz Mezheven 2025<\/p>\n\n\n\n<p>Sources&nbsp;:<\/p>\n\n\n\n<p>&#8211; Histoire de Bretagne &#8211; Joseph Chardonnet (Ed. Nouvelles \u00e9ditions latines)<\/p>\n\n\n\n<p>&#8211; Histoire de&nbsp; Bretagne &#8211; Jean-Pierre Le Mat (Ed. Yorann-embanner)<\/p>\n\n\n\n<p>&#8211; Bretagne : Une histoire &#8211; Louis El\u00e9go\u00ebt (Ed. CRDP de Bretagne)<\/p>\n\n\n\n<p>&#8211; Istor Breizh &#8211; Louis El\u00e9go\u00ebt (Ed. TES)<\/p>\n\n\n\n<p>&#8211; Histoire de la Bretagne et des pays celtiques (Ed. Skol Vreiz)<\/p>\n\n\n\n<p>&#8211; Histoire secr\u00e8te de la Bretagne &#8211; Jean Markale (Ed. Albin Michel)<\/p>\n\n\n\n<p>&#8211;&nbsp; La femme celte &#8211; Jean Markale ( Ed. Albin Michel)<\/p>\n\n\n\n<p>&#8211;&nbsp; Histoire de Bretagne &#8211; Auguste Dupouy ( Ed. Boivin et Cie)<\/p>\n\n\n\n<p>&#8211; Histoire de Bretagne &#8211; Yann Brekilien (Ed. France Empire)<\/p>\n\n\n\n<p>  Et l&#8217;indispensable internet notamment pour tout ce qui est illustrations<\/p>\n\n\n\n<p><\/p>\n\n\n\n<p><strong>En r\u00e9sum\u00e9<\/strong>&nbsp;:&nbsp;<\/p>\n\n\n\n<p><strong style=\"font-style: italic;\">En fran\u00e7ais :<\/strong><\/p>\n\n\n\n<p>&#8211; Philippe Auguste impose le mariage d\u2019Alix, demi-s\u0153ur d\u2019Arthur Ier, avec un prince cap\u00e9tien&nbsp;: Pierre de Dreux, dit Mauclerc.<\/p>\n\n\n\n<p>&#8211; Pierre est couronn\u00e9 duc de Bretagne sous le nom de&nbsp;<strong>Pierre Ier<\/strong>&nbsp;et d\u00e9fend avec d\u00e9termination les int\u00e9r\u00eats du duch\u00e9.<\/p>\n\n\n\n<p>&#8211; Pierre Ier apporte, sur son blason,<strong>&nbsp;les hermines qui deviendront l\u2019embl\u00e8me de la Bretagne.<\/strong><\/p>\n\n\n\n<p>&#8211; Ducs successifs&nbsp;:&nbsp;<strong>Jean Ier, Jean II, Arthur II, Jean III.<\/strong><\/p>\n\n\n\n<p><strong>&#8211; Jean III<\/strong>&nbsp;n\u2019a pas d\u2019h\u00e9ritier direct. Il propose de faire du roi de France l\u2019h\u00e9ritier au tr\u00f4ne de Bretagne. Opposition du parlement&nbsp;!<\/p>\n\n\n\n<p>&#8211; H\u00e9ritiers pr\u00e9tendants&nbsp;: sa ni\u00e8ce, Jeanne de Penthi\u00e8vre et son demi-fr\u00e8re Jean de Montfort.<\/p>\n\n\n\n<p>&#8211; La guerre de succession de Bretagne est in\u00e9vitable. Elle durera 23 ans.<\/p>\n\n\n\n<p>&#8211; Victoire en 1364, \u00e0 la bataille d\u2019Auray, du fils de Jean de Montfort, qui est couronn\u00e9 sous le nom de&nbsp;<strong>Jean IV<\/strong>.<\/p>\n\n\n\n<p>&#8211; Signature avec le roi de France Charles V du trait\u00e9 de paix de&nbsp;Gu\u00e9rande, en 1365.<\/p>\n\n\n\n<p>&#8211; L\u2019ind\u00e9pendance de la Bretagne est r\u00e9affirm\u00e9e, mais la situation reste fragile.<\/p>\n\n\n\n<p><strong><em>E<\/em><\/strong> <strong><em>brezhoneg :<\/em><\/strong><\/p>\n\n\n\n<p>&#8211; Fulup Aogust a redi Aliz, hanterc\u2019hoar Arzhur, da zimezi\u00f1 gant ur pri\u00f1z kapesian&nbsp;: P\u00ear Dreux, lesanvet Brizhkloareg.<\/p>\n\n\n\n<p>&#8211; P\u00ear a zo kurunet dug Breizh gant an anv&nbsp;<strong>P\u00ear Kenta\u00f1<\/strong>. Difenn a ra kre\u00f1v&nbsp;&nbsp;gwirio\u00f9 an dugelezh.<\/p>\n\n\n\n<p>&#8211; Digas a ra P\u00ear ganta\u00f1&nbsp;<strong>an erminiged<\/strong>&nbsp;a oa a-orin dija war e skoed,&nbsp;<strong>hag a zeuio an erminiged-se&nbsp;&nbsp;&nbsp;da veza\u00f1&nbsp;&nbsp;arouez Breizh.<\/strong><\/p>\n\n\n\n<p>&#8211; An duged war-lerc\u2019h&nbsp;:&nbsp;<strong>Yann Kenta\u00f1, Yann II, Arzhur II, Yann III.<\/strong><\/p>\n\n\n\n<p>&#8211; N\u2019en deus&nbsp;<strong>Yann III<\/strong>&nbsp;heritour ebet.&nbsp;&nbsp;Kinnig a ra da roue ar Fra\u00f1s heritourezh Breizh. Ar breujo\u00f9 a zo a-enep&nbsp;!<\/p>\n\n\n\n<p>&#8211; An heritourien posupl&nbsp;: e nizez, Janed Pentrev hag e hantervreur, Yann Mo\u00f1forzh.<\/p>\n\n\n\n<p>&#8211; Brezel h\u00earezh Breizh a zo didec\u2019hus. Tri bloaz warn-ugent e pado.<\/p>\n\n\n\n<p>&#8211; An trec\u2019h a vez gounezet e 1364, da-ge\u00f1ver&nbsp;&nbsp;emgann An Alre, gant mab Yann Mo\u00f1forzh&nbsp;&nbsp;hag a vez hema\u00f1 kurunet gant an anv&nbsp;<strong>Yann IV<\/strong>.<\/p>\n\n\n\n<p>&#8211;&nbsp;&nbsp;Ur feur-emglev peoc\u2019h a zo sinet gant roue Bro-C\u2019hall Charlez V e Gwenrann, e 1365.<\/p>\n\n\n\n<p>&#8211; Dizalc\u2019h ar vro a vez touiet adarre, met bresk ema\u00f1 an trao\u00f9.<\/p>\n\n\n\n<figure class=\"wp-block-image size-large\"><img loading=\"lazy\" decoding=\"async\" width=\"724\" height=\"1024\" src=\"https:\/\/kevrenn-larochelle.fr\/wp-content\/uploads\/2025\/06\/ARBRE-GENEALOGIQUE-DES-DUCS-DE-BRETAGNE-2-1-724x1024.jpg\" alt=\"\" class=\"wp-image-8554\" srcset=\"https:\/\/kevrenn-larochelle.fr\/wp-content\/uploads\/2025\/06\/ARBRE-GENEALOGIQUE-DES-DUCS-DE-BRETAGNE-2-1-724x1024.jpg 724w, https:\/\/kevrenn-larochelle.fr\/wp-content\/uploads\/2025\/06\/ARBRE-GENEALOGIQUE-DES-DUCS-DE-BRETAGNE-2-1-212x300.jpg 212w, https:\/\/kevrenn-larochelle.fr\/wp-content\/uploads\/2025\/06\/ARBRE-GENEALOGIQUE-DES-DUCS-DE-BRETAGNE-2-1-768x1087.jpg 768w, https:\/\/kevrenn-larochelle.fr\/wp-content\/uploads\/2025\/06\/ARBRE-GENEALOGIQUE-DES-DUCS-DE-BRETAGNE-2-1-1086x1536.jpg 1086w, https:\/\/kevrenn-larochelle.fr\/wp-content\/uploads\/2025\/06\/ARBRE-GENEALOGIQUE-DES-DUCS-DE-BRETAGNE-2-1-1447x2048.jpg 1447w, https:\/\/kevrenn-larochelle.fr\/wp-content\/uploads\/2025\/06\/ARBRE-GENEALOGIQUE-DES-DUCS-DE-BRETAGNE-2-1-scaled.jpg 1809w\" sizes=\"auto, (max-width: 724px) 100vw, 724px\" \/><\/figure>\n","protected":false},"excerpt":{"rendered":"<p>\u00a0\u00a0\u00a0\u00a0\u00a0\u00a0\u00a0\u00a0\u00a0\u00a0\u00a0\u00a0 Le chapitre pr\u00e9c\u00e9dent ( Histoire de Bretagne : d&#8217;une Nation souveraine \u00e0 l&#8217;emprise anglaise) s&#8217;est achev\u00e9 sur l&#8217;assassinat du<\/p>\n","protected":false},"author":1,"featured_media":8450,"comment_status":"closed","ping_status":"closed","sticky":false,"template":"","format":"standard","meta":{"advgb_blocks_editor_width":"","advgb_blocks_columns_visual_guide":"","_s2mail":"yes","footnotes":""},"categories":[13,14,1],"tags":[],"class_list":["post-8431","post","type-post","status-publish","format-standard","has-post-thumbnail","hentry","category-culture","category-histoire","category-non-classe","comments-off"],"author_meta":{"display_name":"hervic","author_link":"https:\/\/kevrenn-larochelle.fr\/?author=1"},"featured_img":"https:\/\/kevrenn-larochelle.fr\/wp-content\/uploads\/2025\/06\/20240104142416000000_fr_2643_292_rec-300x150.jpg","coauthors":[],"tax_additional":{"categories":{"linked":["<a href=\"https:\/\/kevrenn-larochelle.fr\/?cat=13\" class=\"advgb-post-tax-term\">Culture<\/a>","<a href=\"https:\/\/kevrenn-larochelle.fr\/?cat=14\" class=\"advgb-post-tax-term\">Histoire<\/a>","<a href=\"https:\/\/kevrenn-larochelle.fr\/?cat=1\" class=\"advgb-post-tax-term\">Non class\u00e9<\/a>"],"unlinked":["<span class=\"advgb-post-tax-term\">Culture<\/span>","<span class=\"advgb-post-tax-term\">Histoire<\/span>","<span class=\"advgb-post-tax-term\">Non class\u00e9<\/span>"]}},"comment_count":0,"relative_dates":{"created":"Publi\u00e9 11 mois il y a","modified":"Mis \u00e0 jour 3 mois il y a"},"absolute_dates":{"created":"Publi\u00e9 le 4 juin 2025","modified":"Mise \u00e0 jour le 17 janvier 2026"},"absolute_dates_time":{"created":"Publi\u00e9 le 4 juin 2025 10h52","modified":"Mise \u00e0 jour le 17 janvier 2026 9h35"},"featured_img_caption":"Bataille d'Auray - 1364","series_order":"","_links":{"self":[{"href":"https:\/\/kevrenn-larochelle.fr\/index.php?rest_route=\/wp\/v2\/posts\/8431","targetHints":{"allow":["GET"]}}],"collection":[{"href":"https:\/\/kevrenn-larochelle.fr\/index.php?rest_route=\/wp\/v2\/posts"}],"about":[{"href":"https:\/\/kevrenn-larochelle.fr\/index.php?rest_route=\/wp\/v2\/types\/post"}],"author":[{"embeddable":true,"href":"https:\/\/kevrenn-larochelle.fr\/index.php?rest_route=\/wp\/v2\/users\/1"}],"replies":[{"embeddable":true,"href":"https:\/\/kevrenn-larochelle.fr\/index.php?rest_route=%2Fwp%2Fv2%2Fcomments&post=8431"}],"version-history":[{"count":59,"href":"https:\/\/kevrenn-larochelle.fr\/index.php?rest_route=\/wp\/v2\/posts\/8431\/revisions"}],"predecessor-version":[{"id":9034,"href":"https:\/\/kevrenn-larochelle.fr\/index.php?rest_route=\/wp\/v2\/posts\/8431\/revisions\/9034"}],"wp:featuredmedia":[{"embeddable":true,"href":"https:\/\/kevrenn-larochelle.fr\/index.php?rest_route=\/wp\/v2\/media\/8450"}],"wp:attachment":[{"href":"https:\/\/kevrenn-larochelle.fr\/index.php?rest_route=%2Fwp%2Fv2%2Fmedia&parent=8431"}],"wp:term":[{"taxonomy":"category","embeddable":true,"href":"https:\/\/kevrenn-larochelle.fr\/index.php?rest_route=%2Fwp%2Fv2%2Fcategories&post=8431"},{"taxonomy":"post_tag","embeddable":true,"href":"https:\/\/kevrenn-larochelle.fr\/index.php?rest_route=%2Fwp%2Fv2%2Ftags&post=8431"}],"curies":[{"name":"wp","href":"https:\/\/api.w.org\/{rel}","templated":true}]}}