{"id":9240,"date":"2026-01-24T11:00:00","date_gmt":"2026-01-24T10:00:00","guid":{"rendered":"https:\/\/kevrenn-larochelle.fr\/?p=9240"},"modified":"2026-04-21T10:42:00","modified_gmt":"2026-04-21T08:42:00","slug":"copie-de-histoire-dune-sortie-en-boite-bilingue","status":"publish","type":"post","link":"https:\/\/kevrenn-larochelle.fr\/?p=9240","title":{"rendered":"Denez, un chanteur, un po\u00e8te et un compositeur merveilleux ! (bilingue)&#8230;"},"content":{"rendered":"\n<h2 class=\"wp-block-heading\">E brezhoneg<\/h2>\n\n\n\n<h2 class=\"wp-block-heading\">Denez,&nbsp;&nbsp;ur c\u2019haner, ur barzh hag ur sonaozer&nbsp;&nbsp;dudius !<\/h2>\n\n\n\n<p><em>&nbsp;&nbsp;&nbsp;&nbsp;&nbsp;&nbsp;&nbsp;&nbsp;&nbsp;&nbsp;&nbsp;&nbsp;<em>&nbsp;&nbsp;&nbsp;<\/em><\/em>Denez : marteze n\u2019ouzoc\u2019h ket mat piv eo an den-ma\u00f1 ? Evit gouzout&nbsp;&nbsp;muioc\u2019h diwarna\u00f1, ar c\u2019haner, ar barzh hag ar sonaozer, deuit ganin d\u2019ober anaoudegezh ganta\u00f1.<\/p>\n\n\n\n<p>&nbsp;&nbsp;&nbsp;&nbsp;Denez&nbsp;&nbsp;(Prigent eo e anv familh, met Denez a zo e anv arzour, hag a vez graet deus outa\u00f1 brema\u00f1) a zo ganet ar 17 a viz C\u2019hwevrer 1966 e Brest. Met e vugaleaj en deus tremenet e Santeg, e-pad e vaka\u00f1so\u00f9. E Bro-Leon emaomp ama\u00f1. Ya, met pas e neblec\u2019h e Bro-Leon&#8230; Nann ! E Santeg emaomp !&nbsp;Ur gwir vro eo ar vro-ma\u00f1, ma zo unan, gant tud kalonek ha youlek\u2026 ha, penaos lavar\u2019&#8230; gant un tammig lorc\u2019h enno marteze&#8230;<\/p>\n\n\n\n<p>&nbsp;&nbsp;&nbsp;&nbsp;Selaouit \u2019ta !&nbsp;&nbsp;Kontet eo bet din e oa bet un den kozh eus Santeg hag en doa lavaret an dra-ma\u00f1, goude ma oa bet trec\u2019het ar Fra\u00f1s gant an Alamagn e miz Mae 1940 : \u00ab Ma, biskoazh! N\u2019eus morse bet ur Santegoat war ar front neuze ?\u00bb. Ar c\u2019homzo\u00f9-se a ro deomp da c\u2019houzout kena\u00f1 diwar-benn tro-spered kre\u00f1v an dud ama\u00f1, gwechall&nbsp;&nbsp;! Marteze eo bet che\u00f1chet an trao\u00f9 abaoe&#8230; Piv \u2019oar&#8230;<\/p>\n\n\n\n<p><strong>Amzer ar bugaleaj &#8211; Amzer&nbsp;&nbsp;ar yaouankiz&nbsp;:<\/strong><\/p>\n\n\n\n<p>&nbsp;&nbsp;&nbsp;&nbsp;A-viskoazh eo bet Denez levezonet, e-pad e vugaleaj, gant bro Santeg, gant ar mor&nbsp;&nbsp;ken rust er goa\u00f1v, gant&nbsp;&nbsp;an aodo\u00f9 gouez ken brav ha&nbsp;&nbsp;gant an amzer o che\u00f1ch atav: glav bep eil deiz (pe dost&#8230;),&nbsp;&nbsp;avel bemdez hag&nbsp;&nbsp;heol splann (a-wecho\u00f9\u2026) e-pad an ha\u00f1v&#8230;<\/p>\n\n\n\n<p>&nbsp;&nbsp;&nbsp;&nbsp;Hag evel ar grennarded-all eus e oad en deus tremenet Denez e yaouankiz, e-pad ar vaka\u00f1so\u00f9, o kemer plijadur tro-dro ar vro.\u00abJ\u2019en ai fait des conneries !\u00bb emezan e galleg \u00ab \u00e0 tra\u00eener dans le bourg avec ma mobylette, avec le pot d\u2019\u00e9chappement trafiqu\u00e9 ! \u00bb Ha paket fall a-wecho\u00f9\u2026 Ha sikanet meur a-wech ! Met, petra \u2019ri ? Ret eo mare ar yaouankiz en em baseal forzh penaos !<\/p>\n\n\n\n<p>&nbsp;&nbsp;&nbsp;&nbsp;Amzer benniget ar vaka\u00f1so\u00f9&#8230; Met an amzer disoursi-se ne c\u2019hell&nbsp;&nbsp;ket padout da viken. Ha ret e vez dezha\u00f1&nbsp;&nbsp;heulia\u00f1 e familh hepdale war-zu ar Releg-Kerhuon, e-lec\u2019h ema\u00f1 e dad skolaer. Eno, daoust ma n\u2019eo ket ken pell alese eus e vro Santeg ken karet, n\u2019en em gav ket en e vleud tamm ebet. Evel e-barzh un toull-bac\u2019h en em sant kentoc\u2019h ! Neuze, pa zistro e Santeg d\u2019ar vakanso\u00f9, e gav adarre e vamm-gozh gant kement a blijadur.&nbsp;Ganti en deus desket ar brezhoneg, rak e dad n\u2019en deus ket bet james en e so\u00f1j treuskas yezh hon tado\u00f9 d\u2019e vab ! Petra a servijfe, e gwirionez, da zeski\u00f1 ha da gomz ur yezh ken disprizet hag a zo o vont da get ouzhpenn-se ?<\/p>\n\n\n\n<p><strong>Mare an dizoloadenno\u00f9&nbsp;:<\/strong><\/p>\n\n\n\n<p>&nbsp;&nbsp;&nbsp;&nbsp;Ar&nbsp;&nbsp;brezhoneg ! Un te\u00f1zor digredus e tizolo neuze.&nbsp;&nbsp;Ur yezh hag a glot ken brav evita\u00f1 gant an natur en-dro dezha\u00f1. Ur yezh hag a son ivez evel ur c\u2019han ! Sebezet e vez Denez, hag a zo un den-a-feiz, o klevout ar c\u2019hantiko\u00f9 kanet e brezhoneg da-ge\u00f1ver an oferenn-sul e Santeg, kantiko\u00f9 kanet a-bouez penn gant holl an dud, evel &#8220;Da feiz hon tado\u00f9 kozh&#8221; !&nbsp; Rak emaomp ama\u00f1 e Bro-Leon, anvet gwechall \u00ab Bro ar veleien \u00bb ! Aze ema\u00f1 marteze ar wech kenta\u00f1 eo bet fromet o selaou ar c\u2019hantiko\u00f9-se kanet\u00ab a capella \u00bb hag en deus komprenet e vefe marteze ar c\u2019han e donkadur.<\/p>\n\n\n\n<p>&nbsp;&nbsp;&nbsp;&nbsp;Met er Releg-Kerhuon an hini eo, en deus bet ar cha\u00f1s (ne oa ket dek vloaz c\u2019hoazh) da selaou evit ar wech kenta\u00f1 ar c\u2019hoarezed Goadeg o kana\u00f1 ar c\u2019han-ha-diskan en ur fest-noz. Pebezh dizoloadenn!<\/p>\n\n\n\n<p><strong>Setu Denez e Brest brema\u00f1 evit e studio\u00f9 eil derez&nbsp;:<\/strong><\/p>\n\n\n\n<p>&nbsp;&nbsp;&nbsp;&nbsp;Ar g\u00ear ne blij ket kalz dezha\u00f1, daoust ma vez he anezerien tud degemerus-tre. Ar g\u00ear a seblant dezha\u00f1 beza\u00f1 ur g\u00ear yen ha dibersonel. E lise Kerichen ema\u00f1 o studia\u00f1 hag e vez graet goap deus outa\u00f1 abalamour d\u2019e bouez-mouezh pounner. Met ne ra forzh! \u00ab A K\u00e9richen, je me faisais foutre de ma gueule \u00e0 cause de mon accent ! \u00bb. Ar pouez-mouezh-se en deus dalc\u2019het hiziv hag an dra-se a blij din kena\u00f1 !<\/p>\n\n\n\n<p><strong>Ur bed o che\u00f1ch&nbsp;:<\/strong><\/p>\n\n\n\n<p>&nbsp;&nbsp;&nbsp;&nbsp;Met dizale, e penn kenta\u00f1 ar bloavezhio\u00f9 1970, e vo an trao\u00f9 o che\u00f1ch buan e Breizh : trao\u00f9 fall ha trao\u00f9 vat&nbsp;&nbsp;d\u2019ar memes tro. An trao\u00f9 fall: ar c\u2019hleuzio\u00f9 o veza\u00f1 distrujet gant an adlodenna\u00f1, ar saotradur o kreski\u00f1 un tammig e pep lec\u2019h hag ar brezhoneg o vont da get tamm-ha-tamm abalamour&nbsp;&nbsp;da volontez Bro-C\u2019hall d\u2019e lazha\u00f1 da vat. An trao\u00f9 vat :&nbsp;&nbsp;ar ret da warezi\u00f1 an endro hag adginidigezh dic\u2019hortoz ar sevenadur breizhek !<\/p>\n\n\n\n<p>&nbsp;&nbsp;&nbsp;&nbsp;Ya, kompren a rit brema\u00f1 : kouezhet eo bet Denez e-barzh kan hengounel hor bro pa oa bihan, evel Obeliks e-barzh chaodouron ar \u00ab potion magique \u00bb ! Met ret eo dezha\u00f1 gouzout muioc\u2019h brema\u00f1 diwar-benn hor sevenadur hag hor sonerezh. Mont a ra neuze d\u2019ar festo\u00f9-noz ha darempred&nbsp;&nbsp;a ra gant kanerien hengounel e Kreiz Breizh, peizanted en o zouez.&nbsp;&nbsp;Ha kregi\u00f1&nbsp;&nbsp;a ra dizale da gana\u00f1 ar c\u2019han-ha-diskan ha pa vez&nbsp;&nbsp;o kana\u00f1, e kav kement a blijadur o lakaat an dud da za\u00f1sal. Ur berzh a ra !<\/p>\n\n\n\n<p>&nbsp;&nbsp;&nbsp;&nbsp;E Roazhon ema\u00f1 brema\u00f1 e skol-veur, o studia\u00f1 diwar-benn an arzo\u00f9. Eno a ra anaoudegezh gant an hini a vo e wreg diwezhatoc\u2019h, an hini a vo kement prizius evita\u00f1 evit he alio\u00f9 en e vuhez da zont. Rak eo deuet tamm-ha-tamm ar mennozh en e benn da veza\u00f1 ar c\u2019han marteze da\u00f1vez e vicher.<\/p>\n\n\n\n<p>&nbsp;&nbsp;&nbsp;&nbsp;Heulia\u00f1 a ra kentelio\u00f9 brezhoneg er skol-veur Roazhon hag e vo bremaik kelenner war ar brezhoneg . Met entanet eo gant ar c\u2019han atav, ar gwerz dreist-holl.&nbsp;&nbsp;Hag ama\u00f1 e vo ur mare a-bouez evita\u00f1 pa gemero perzh&nbsp;&nbsp;er \u00abTrans Musicales&nbsp;&nbsp;de Rennes\u00bb e 1992. Eno e vezo dizoloet gant an arvesterien, a re-ma\u00f1 pell koulskoude ouzh bed ar sonerezh&nbsp;&nbsp;hengounel breizhek. Hag a ra ur berzh ! .<\/p>\n\n\n\n<p>&nbsp;&nbsp;&nbsp;&nbsp;Ha setu Denez o kenderc\u2019hel brema\u00f1 da c\u2019houzout pelloc\u2019h c\u2019hoazh diwar-benn sonerezh ha kan hengounel ar vro. Dizolei\u00f1 a ra ar Barzaz Breiz, un dastumad digredus a ganaouenno\u00f9&nbsp;&nbsp;hengounel hag a varzhonego\u00f9 dastumet gant Hersart de La Villemarqu\u00e9. Un te\u00f1zor digredus !<\/p>\n\n\n<div class=\"wp-block-image\">\n<figure class=\"alignleft size-full\"><img loading=\"lazy\" decoding=\"async\" width=\"284\" height=\"177\" src=\"https:\/\/kevrenn-larochelle.fr\/wp-content\/uploads\/2026\/01\/images-2-1.jpeg\" alt=\"\" class=\"wp-image-9298\"\/><\/figure>\n<\/div>\n\n\n<p><strong>Mestr ar gwerz hag ar c\u2019han breizhek&nbsp;:<\/strong><\/p>\n\n\n\n<p>&nbsp;&nbsp;&nbsp;&nbsp;Sur eo brema\u00f1 ! Ar c\u2019han a vo e dazont !<\/p>\n\n\n\n<p>&nbsp;&nbsp;&nbsp;&nbsp;Ur mouezh dispar en deus hag e zoare da gana\u00f1 a c\u2019hell lakaat an dud da veza\u00f1 souezhet marteze, o klevout anezha\u00f1 evit ar wech kenta\u00f1. Danvez ar gwerz a zo un danvez ispisial, gant istorio\u00f9 trist o renta\u00f1 kont eus darvoudo\u00f9 strizh alies.&nbsp;&nbsp;E zoare da gana\u00f1 a glot gant an istorio\u00f9-se. E vouezh a zo kre\u00f1v hag a sav uhel, gant pozio\u00f9 hir,&nbsp;&nbsp;evel ur garm-hud leun a&nbsp;&nbsp;lourennegezh. Bez a zo ar re hag a gar diouzhtu ha bez a zo ar re all ne garont ket,&nbsp;&nbsp;pe a gav&nbsp;&nbsp;dezho eo re stambouc\u2019het e zoare da gana\u00f1. Met ouzhpenn kana\u00f1 ar gwerzio\u00f9 e kan ivez meur a ganaouenno\u00f9 da za\u00f1sal (gavotenn, plinn, vals) hag all !<\/p>\n\n\n\n<p>&nbsp;&nbsp;&nbsp;&nbsp;Ret eo selaou hag adselaou anezha\u00f1 evit kompren ema\u00f1 Denez evel \u00ab treuzneuziet \u00bb pa vez o kana\u00f1. N\u2019em eus ket bet tro da welet anezha\u00f1 c\u2019hoazh, met un DVD dispar (<em>A unvan gant ar stered<\/em>) am eus, e lec\u2019h&nbsp;&nbsp;e welan&nbsp;&nbsp;pegement a c\u2019hizidigezh a zo&nbsp;&nbsp;en e stumm da gana\u00f1 ha&nbsp;&nbsp;da veza\u00f1 war al leurenn. C\u2019hoari e vestr a ra en un doare naturel, gwisket kran atav.<\/p>\n\n\n<div class=\"wp-block-image\">\n<figure class=\"alignright size-full is-resized\"><img loading=\"lazy\" decoding=\"async\" width=\"500\" height=\"704\" src=\"https:\/\/kevrenn-larochelle.fr\/wp-content\/uploads\/2026\/02\/Denez_Prigent__Freres_Guichen_-_Festival_Yaouank_2016_-_05.jpg\" alt=\"\" class=\"wp-image-9328\" style=\"aspect-ratio:0.7102342786683107;width:261px;height:auto\" srcset=\"https:\/\/kevrenn-larochelle.fr\/wp-content\/uploads\/2026\/02\/Denez_Prigent__Freres_Guichen_-_Festival_Yaouank_2016_-_05.jpg 500w, https:\/\/kevrenn-larochelle.fr\/wp-content\/uploads\/2026\/02\/Denez_Prigent__Freres_Guichen_-_Festival_Yaouank_2016_-_05-213x300.jpg 213w\" sizes=\"auto, (max-width: 500px) 100vw, 500px\" \/><\/figure>\n<\/div>\n\n\n<p>&nbsp;&nbsp;&nbsp;&nbsp;Ouzhpenn kana\u00f1 kanaouenno\u00f9 hengounel ema\u00f1 Denez ur sonaozer hag ur barzh dibar. Dedennet-tre eo ivez gant ar sonerezh elektronek ha gant binvio\u00f9 sonerezh eus ar bed a-bezh, a c\u2019heller klevout kement er ganaouenno\u00f9 hengounel eget er tonio\u00f9 savet ganta\u00f1 !<\/p>\n\n\n\n<p>&nbsp;&nbsp;&nbsp;&nbsp;N\u2019em eus nemet pevar CD eus Denez :&nbsp;<em>A unvan gant ar stered, Me \u2019zalc\u2019h ennon ur fulenn aour, Ar gouriz koar&nbsp;<\/em>ha<em>&nbsp;Sarac\u2019h<\/em>.<\/p>\n\n\n\n<p>&nbsp;&nbsp;&nbsp;&nbsp;Bez \u2019zo enno kanaouenno\u00f9 ha tonio\u00f9 a blij din kena\u00f1 evel :<\/p>\n\n\n\n<p><em>An teodo\u00f9 fall (<a href=\"https:\/\/www.youtube.com\/watch?v=PvAzjDPaM7E\" target=\"_blank\" rel=\"noreferrer noopener\">selaouit)<\/a>, Beajet  \u2019m eus <em><em><a href=\"https:\/\/www.youtube.com\/watch?v=Lu4eiOgEB3M\" target=\"_blank\" rel=\"noreferrer noopener\">(selaouit)<\/a><\/em><\/em>, Eostig Kerchagrin <em><a href=\"https:\/\/www.youtube.com\/watch?v=kDbIaspp19g\" target=\"_blank\" rel=\"noreferrer noopener\"><em>(selaouit<\/em>)<\/a><\/em>, Ar ranno\u00f9<em><em><a href=\"https:\/\/www.youtube.com\/watch?v=9dvr6h_FmyI\" target=\"_blank\" rel=\"noreferrer noopener\">(selaouit)<\/a><\/em><\/em>, Plac\u2019h Landelo<em><em>(<\/em><a href=\"https:\/\/www.youtube.com\/watch?v=NOLmis7qKhE\" target=\"_blank\" rel=\"noreferrer noopener\"><em>selaouit<\/em>)<\/a><\/em>, Gwerz Penmarc\u2019h<em><em>(<\/em><\/em><a href=\"https:\/\/www.youtube.com\/watch?v=Bf23r9EaWR4\" target=\"_blank\" rel=\"noreferrer noopener\"><em><em>selaouit)<\/em><\/em>,<\/a> Gwerz ar vezhinerien<em><em><a href=\"https:\/\/www.youtube.com\/watch?v=QHXw96RH34o\" target=\"_blank\" rel=\"noreferrer noopener\">(selaouit)<\/a><\/em><\/em>, An hini a<\/em>&nbsp;<em>garan<em><em><em>(<a href=\"https:\/\/www.youtube.com\/watch?v=1uBR6KpB8j8\" target=\"_blank\" rel=\"noreferrer noopener\">selaouit<\/a>)<\/em><\/em><\/em><\/em>,&nbsp;ken brav an holl anezho !<\/p>\n\n\n\n<p>&nbsp;&nbsp;&nbsp;&nbsp;Kit neuze da welet ha da selaou Denez war internet hag e welot pegen bras eo niverus ar ganaouenno\u00f9 bet enrollet gant ar c\u2019haner ken dispar ha ken dudius-se,&nbsp;&nbsp;e-pad&nbsp;&nbsp;tregont vloaz, a-hed&nbsp;&nbsp;ur vuhez dibar ! Kit dreist-holl da welet anezha\u00f1 war al leurenn. Aze ema\u00f1 Denez ur gwir mestr gant e gan !<\/p>\n\n\n\n<p>YK &#8211; miz Genver 2026<\/p>\n\n\n\n<h2 class=\"wp-block-heading\"><strong>En<\/strong> fran\u00e7ais<\/h2>\n\n\n\n<p>&nbsp;&nbsp;&nbsp;&nbsp;Denez : vous ne le connaissez peut-\u00eatre pas tr\u00e8s bien ? Alors, pour en savoir plus sur l\u2019homme, le chanteur, le po\u00e8te et le compositeur, venez avec moi faire sa connaissance !<\/p>\n\n\n\n<p>&nbsp;&nbsp;&nbsp;&nbsp;Denez (Prigent est son nom de famille, mais comme artiste, il se fait appeler Denez d\u00e9sormais) est n\u00e9 \u00e0 Brest le 17 f\u00e9vrier 1966. Mais il a pass\u00e9 son enfance, pendant les vacances, \u00e0 Santec. Nous sommes ici dans le L\u00e9on, mais pas n\u2019importe o\u00f9 dans le L\u00e9on. Non&nbsp;! Nous sommes \u00e0 Santec !&nbsp;&nbsp;Un vrai pays s\u2019il en est un, avec des gens d\u00e9termin\u00e9s, volontaires et qui ont en eux&#8230; comment dire&#8230; comme un tantinet de fiert\u00e9.<\/p>\n\n\n\n<p>\u00a0\u00a0\u00a0\u00a0Ecoutez-donc !\u00a0\u00a0On m\u2019a racont\u00e9 qu\u2019une personne \u00e2g\u00e9e de Santec avait dit la chose suivante apr\u00e8s que la France ait \u00e9t\u00e9 battue par l\u2019Allemagne en mai 1940 : \u00ab Ma biskoazh ! N\u2019eus morse bet ur Santegoat war ar front neuze\u00a0? \u00bb (\u00ab Mais bon sang ! Il n\u2019y a donc jamais eu un seul Santecois sur le front alors ? \u00bb). Ce propos r\u00e9v\u00e8le quelque part le caract\u00e8re bien tremp\u00e9 des gens du coin, autrefois. Mais aujourd\u2019hui les choses ont peut-\u00eatre chang\u00e9\u2026 Allez savoir &#8230;<\/p>\n\n\n\n<p><strong>Le temps de l\u2019enfance &#8211; Le temps de la jeunesse&nbsp;:<\/strong><\/p>\n\n\n\n<p>&nbsp;&nbsp;&nbsp;&nbsp;Denez a \u00e9t\u00e9 influenc\u00e9 \u00e0 jamais, dans son enfance, par le pays de Santec, par la mer si rude l\u2019hiver durant, par cette c\u00f4te sauvage et si belle et par le temps qui change en permanence : de la pluie tous les deux jours (ou presque&#8230;), du vent tous les jours (1) et un soleil resplendissant (parfois &#8230;) pendant l\u2019\u00e9t\u00e9&#8230;<\/p>\n\n\n\n<p>&nbsp;&nbsp;&nbsp;&nbsp;Et comme les autres adolescents de son \u00e2ge, Denez a pass\u00e9 sa jeunesse, pendant les vacances, \u00e0 s\u2019amuser dans les parages. \u00ab J\u2019en ai fait des conneries \u00bb dit-il (en fran\u00e7ais dans le texte) \u00ab \u00e0 tra\u00eener dans le bourg avec ma mobylette, avec le pot d&#8217;\u00e9chappement trafiqu\u00e9 ! \u00bb Et il s\u2019est fait pincer plusieurs fois et engueuler souvent\u2026 Mais que voulez-vous, il faut bien que jeunesse se passe !<\/p>\n\n\n<div class=\"wp-block-image\">\n<figure class=\"alignleft size-full is-resized\"><img loading=\"lazy\" decoding=\"async\" width=\"1900\" height=\"1900\" src=\"https:\/\/kevrenn-larochelle.fr\/wp-content\/uploads\/2026\/01\/0x1900-000000-80-0-0.jpg\" alt=\"\" class=\"wp-image-9295\" style=\"width:166px;height:auto\" srcset=\"https:\/\/kevrenn-larochelle.fr\/wp-content\/uploads\/2026\/01\/0x1900-000000-80-0-0.jpg 1900w, https:\/\/kevrenn-larochelle.fr\/wp-content\/uploads\/2026\/01\/0x1900-000000-80-0-0-300x300.jpg 300w, https:\/\/kevrenn-larochelle.fr\/wp-content\/uploads\/2026\/01\/0x1900-000000-80-0-0-1024x1024.jpg 1024w, https:\/\/kevrenn-larochelle.fr\/wp-content\/uploads\/2026\/01\/0x1900-000000-80-0-0-150x150.jpg 150w, https:\/\/kevrenn-larochelle.fr\/wp-content\/uploads\/2026\/01\/0x1900-000000-80-0-0-768x768.jpg 768w, https:\/\/kevrenn-larochelle.fr\/wp-content\/uploads\/2026\/01\/0x1900-000000-80-0-0-1536x1536.jpg 1536w, https:\/\/kevrenn-larochelle.fr\/wp-content\/uploads\/2026\/01\/0x1900-000000-80-0-0-144x144.jpg 144w\" sizes=\"auto, (max-width: 1900px) 100vw, 1900px\" \/><\/figure>\n<\/div>\n\n\n<p>&nbsp;&nbsp;&nbsp;&nbsp;C\u2019\u00e9tait le temps b\u00e9ni des vacances, mais ces moments d\u2019insouciance ne sont pas faits pour durer \u00e9ternellement. Car bient\u00f4t, il lui faut suivre sa famille du c\u00f4t\u00e9 du Relecq-Kerhuon (2), o\u00f9 son p\u00e8re est instituteur. L\u00e0-bas, bien que n\u2019\u00e9tant pas si \u00e9loign\u00e9 que cela de son Santec tant aim\u00e9, il ne se sent pas du tout dans son \u00e9l\u00e9ment. Il a plut\u00f4t l\u2019impression de se trouver comme en prison !<\/p>\n\n\n\n<p>Alors, quand il retourne en vacances \u00e0 Santec, il retrouve sa grand-m\u00e8re avec tant de joie ! C\u2019est avec elle qu\u2019il apprend le breton, car son p\u00e8re n\u2019a jamais daign\u00e9 lui transmettre la langue de nos a\u00efeux ! A quoi cela servirait, en effet, d&#8217;apprendre et de parler une langue tant m\u00e9pris\u00e9e et qui, de plus, va dispara\u00eetre ?<\/p>\n\n\n\n<p><strong>Le temps des d\u00e9couvertes<em>&nbsp;<\/em>:<\/strong><\/p>\n\n\n\n<p>&nbsp;&nbsp;&nbsp;&nbsp;Le breton&nbsp;! Il d\u00e9couvre alors ce tr\u00e9sor incroyable. Une langue qui, pour lui, est si magnifiquement en harmonie avec la nature qui l\u2019entoure. Une langue qui sonne aussi comme un chant ! Denez, qui est croyant, est \u00e9merveill\u00e9 quand il entend les cantiques chant\u00e9s en breton lors de la messe du dimanche \u00e0 Santec, cantiques chant\u00e9s \u00e0 pleine voix par tous les fid\u00e8les. comme &#8220;Da feiz hon tado\u00f9 kozh&#8221;(&#8220;A la foi de nos anc\u00eatres&#8221;) !&nbsp;Car nous sommes ici dans le L\u00e9on, qu\u2019on appelait autrefois \u00ab&nbsp;La terre des pr\u00eatres \u00bb&nbsp;! C\u2019est l\u00e0 peut-\u00eatre qu\u2019il a \u00e9prouv\u00e9 ses premi\u00e8res \u00e9motions en \u00e9coutant les cantiques chant\u00e9s \u00ab&nbsp;a capella&nbsp;\u00bb et qu\u2019il a compris que le chant serait peut-\u00eatre sa destin\u00e9e.<\/p>\n\n\n\n<p>&nbsp;&nbsp;&nbsp;Mais c\u2019est au Relecq-Kerhuon qu\u2019il a la chance d\u2019entendre pour la premi\u00e8re fois les s\u0153urs Goadeg chanter le kan-ha-diskan dans un fest-noz. Quelle d\u00e9couverte&nbsp;!<\/p>\n\n\n\n<p><strong>Le voici maintenant \u00e0 Brest pour ses \u00e9tudes secondaires&nbsp;<\/strong>:<\/p>\n\n\n\n<p>&nbsp;&nbsp;&nbsp;&nbsp;La ville ne lui pla\u00eet pas beaucoup, m\u00eame si ses habitants sont sympathiques et accueillants. La ville lui para\u00eet froide et impersonnelle. Il est \u00e9l\u00e8ve au lyc\u00e9e K\u00e9richen et l\u2019on se moque de lui \u00e0 cause de son fort accent. Mais peu lui importe&nbsp;! \u00ab&nbsp;On se foutait de ma gueule \u00e0 cause de mon accent&nbsp;\u00bb. Il a gard\u00e9 cet accent aujourd\u2019hui et cela me pla\u00eet beaucoup&nbsp;!<\/p>\n\n\n\n<p><strong>Un monde en train de changer&nbsp;:<\/strong><\/p>\n\n\n\n<p>&nbsp;&nbsp;&nbsp;&nbsp;Mais bient\u00f4t, en ce d\u00e9but des ann\u00e9es 1970, les choses changent vite en Bretagne&nbsp;: des choses n\u00e9gatives et d\u2019autres positives. Les points n\u00e9gatifs&nbsp;: la destruction de la nature et des talus \u00e0 cause du remembrement, la pollution qui s\u2019accro\u00eet un peu partout et la langue bretonne qui tend \u00e0 dispara\u00eetre peu \u00e0 peu par la volont\u00e9 d\u00e9lib\u00e9r\u00e9e de la France de l\u2019\u00e9radiquer.&nbsp;&nbsp;Les choses positives&nbsp;: la prise de conscience de la n\u00e9cessit\u00e9 de prot\u00e9ger l\u2019environnement et la renaissance \u00e9tonnante de la culture bretonne&nbsp;!<\/p>\n\n\n\n<p>&nbsp;&nbsp;&nbsp;Oui, vous comprenez maintenant&nbsp;: Denez est tomb\u00e9 dans le chant traditionnel breton quand il \u00e9tait petit, comme Ob\u00e9lix dans la \u00ab&nbsp;potion magique \u00bb ! Mais il lui faut maintenant en savoir plus au sujet de notre culture et de notre musique. Il court les fest-noz et fr\u00e9quente les chanteurs du Centre-Bretagne, parmi eux des paysans. Et il se lance bient\u00f4t dans le kan-ha-diskan et trouve l\u00e0 un plaisir immense \u00e0 faire danser les gens. Et, \u00e0 chaque fois, il fait le \u00ab buzz \u00bb!<\/p>\n\n\n\n<p><\/p>\n\n\n\n<p>&nbsp;&nbsp;&nbsp;&nbsp;Il est maintenant \u00e0 Rennes, \u00e0 l\u2019universit\u00e9, o\u00f9 il \u00e9tudie les arts plastiques. L\u00e0, il fait la connaissance de celle qui sera plus tard sa femme et celle qui lui sera si pr\u00e9cieuse pour le conseiller dans sa future vie. Car, a germ\u00e9 en lui, petit \u00e0 petit, l\u2019id\u00e9e que le chant pourrait \u00eatre son m\u00e9tier.<\/p>\n\n\n<div class=\"wp-block-image\">\n<figure class=\"alignright size-full\"><img loading=\"lazy\" decoding=\"async\" width=\"275\" height=\"183\" src=\"https:\/\/kevrenn-larochelle.fr\/wp-content\/uploads\/2026\/01\/images.jpeg\" alt=\"\" class=\"wp-image-9255\"\/><\/figure>\n<\/div>\n\n\n<p>&nbsp;&nbsp;&nbsp;&nbsp;Il suit des cours de breton \u00e0 la fac de Rennes et va bient\u00f4t devenir enseignant. Mais il est toujours aussi passionn\u00e9 par le chant et particuli\u00e8rement par la gwerz. Et ici se produit pour lui un \u00e9v\u00e8nement majeur lorsqu\u2019il chante aux \u00ab&nbsp;Transmusicales de Rennes&nbsp;\u00bb en 1992. C\u2019est l\u00e0 qu\u2019il sera d\u00e9couvert par les festivaliers dont l\u2019univers musical est pourtant \u00e9loign\u00e9 du monde de la musique traditionnelle bretonne\u2026 Et il va faire sensation&nbsp;!<\/p>\n\n\n\n<p>&nbsp;&nbsp;&nbsp;&nbsp;Voici maintenant Denez qui continue \u00e0 apprendre encore davantage sur la musique et le chant traditionnel de notre pays. Il d\u00e9couvre le Barzaz Breiz, ce recueil incroyable de chants traditionnels et de po\u00e8mes de Bretagne collect\u00e9s par Hersart de La Villemarqu\u00e9. Un tr\u00e9sor extraordinaire&nbsp;!<\/p>\n\n\n\n<p><strong>Le ma\u00eetre de la gwerz et du chant en breton&nbsp;:<\/strong><\/p>\n\n\n\n<p>&nbsp;&nbsp;&nbsp;&nbsp;Maintenant c\u2019est s\u00fbr! Chanter sera son destin !<\/p>\n\n\n<div class=\"wp-block-image\">\n<figure class=\"alignleft size-large is-resized\"><img loading=\"lazy\" decoding=\"async\" width=\"1024\" height=\"576\" src=\"https:\/\/kevrenn-larochelle.fr\/wp-content\/uploads\/2026\/01\/maxresdefault-1024x576.jpg\" alt=\"\" class=\"wp-image-9256\" style=\"width:268px;height:auto\" srcset=\"https:\/\/kevrenn-larochelle.fr\/wp-content\/uploads\/2026\/01\/maxresdefault-1024x576.jpg 1024w, https:\/\/kevrenn-larochelle.fr\/wp-content\/uploads\/2026\/01\/maxresdefault-300x169.jpg 300w, https:\/\/kevrenn-larochelle.fr\/wp-content\/uploads\/2026\/01\/maxresdefault-768x432.jpg 768w, https:\/\/kevrenn-larochelle.fr\/wp-content\/uploads\/2026\/01\/maxresdefault.jpg 1280w\" sizes=\"auto, (max-width: 1024px) 100vw, 1024px\" \/><\/figure>\n<\/div>\n\n\n<p>&nbsp;&nbsp;&nbsp;&nbsp;Denez poss\u00e8de une voix unique et ceux qui l\u2019\u00e9coutent pour la premi\u00e8re fois peuvent peut-\u00eatre \u00eatre surpris par sa fa\u00e7on de chanter. Le th\u00e8me de la gwerz est un th\u00e8me particulier, avec des histoires tristes qui rendent compte souvent d\u2019\u00e9v\u00e8nements tragiques. Sa mani\u00e8re de chanter correspond bien \u00e0 ces histoires. Sa voix est forte et s\u2019\u00e9l\u00e8ve, avec des phrases longues, comme une incantation pleine de lyrisme. Il y a ceux qui aiment tout de suite et d\u2019autres qui n\u2019aiment pas ou qui trouvent qu&#8217;il chante avec trop d&#8217;emphase&nbsp;. Mais au-del\u00e0 des gwerz, il chante aussi nombre de chants \u00e0 danser (gavottes, plinn, valses) etc\u2026 !<\/p>\n\n\n\n<p>   Il faut l\u2019\u00e9couter et l\u2019\u00e9couter encore pour comprendre que Denez est comme \u00ab habit\u00e9 \u00bb quand il chante. Je n\u2019ai pas encore eu l\u2019occasion de le voir, mais je poss\u00e8de un DVD magnifique (<em>A unvan gant ar<\/em>&nbsp;<em>stered&nbsp;<\/em>) dans lequel je vois combien il y a de sensibilit\u00e9 dans ses interpr\u00e9tations et dans sa grande pr\u00e9sence sur sc\u00e8ne. Il \u00ab assure \u00bb naturellement, toujours \u00e9l\u00e9gamment habill\u00e9.<\/p>\n\n\n\n<p>&nbsp;&nbsp;&nbsp;&nbsp;Au-del\u00e0 d\u2019interpr\u00e9ter des chansons traditionnelles, il est aussi un compositeur et un po\u00e8te merveilleux. Il est \u00e9galement attir\u00e9 par la musique \u00e9lectronique et par les instruments de musique du monde entier que l\u2019on peut \u00e9couter, tant dans les chants traditionnels que dans les airs de sa composition.<\/p>\n\n\n\n<p>&nbsp;&nbsp;&nbsp;&nbsp;Je ne poss\u00e8de que 4 CD de Denez :&nbsp;<em>A unvan gant ar stered, Me \u2019zalc\u2019h&nbsp;&nbsp;ennon ur fulenn aour, Ar gouriz koar&nbsp;<\/em>et<em>&nbsp;Sarac\u2019h<\/em>.<\/p>\n\n\n\n<p>&nbsp;&nbsp;&nbsp;On y d\u00e9couvre des chants et des m\u00e9lodies qui me plaisent particuli\u00e8rement comme :<\/p>\n\n\n\n<p><em>An teodo\u00f9 fall&nbsp;(3)<\/em> <a href=\"https:\/\/www.youtube.com\/watch?v=PvAzjDPaM7E\" target=\"_blank\" rel=\"noreferrer noopener\">Ecoutez<\/a><\/p>\n\n\n\n<p><em>&nbsp;Beajet\u2019m eus&nbsp;(4)<\/em>  <a href=\"https:\/\/www.youtube.com\/watch?v=Lu4eiOgEB3M\" target=\"_blank\" rel=\"noreferrer noopener\">Ecoutez<\/a><\/p>\n\n\n\n<p><em>&nbsp;Eostig Kerchagrin&nbsp;(5)<\/em> <a href=\"https:\/\/www.youtube.com\/watch?v=kDbIaspp19g\" target=\"_blank\" rel=\"noreferrer noopener\">Ecoutez<\/a><\/p>\n\n\n\n<p><em>Ar ranno\u00f9&nbsp;(6)<\/em> <a href=\"https:\/\/www.youtube.com\/watch?v=9dvr6h_FmyI\" target=\"_blank\" rel=\"noreferrer noopener\">Ecoutez<\/a><\/p>\n\n\n\n<p><em>&nbsp;Plac\u2019h Landelo&nbsp;(7)<\/em> <a href=\"https:\/\/www.youtube.com\/watch?v=NOLmis7qKhE\" target=\"_blank\" rel=\"noreferrer noopener\">Ecoutez<\/a><\/p>\n\n\n\n<p><em>&nbsp;Gwerz Penmarc\u2019h&nbsp;(8)<\/em> <a href=\"https:\/\/www.youtube.com\/watch?v=Bf23r9EaWR4\" target=\"_blank\" rel=\"noreferrer noopener\">Ecoutez<\/a><\/p>\n\n\n\n<p><em>&nbsp;Gwerz ar vezhinerien<\/em>&nbsp;(9) <a href=\"https:\/\/www.youtube.com\/watch?v=QHXw96RH34o\" target=\"_blank\" rel=\"noreferrer noopener\">Ecoutez<\/a><\/p>\n\n\n\n<p><em>An hini a garan&nbsp;(10)<\/em> <a href=\"https:\/\/www.youtube.com\/watch?v=1uBR6KpB8j8\" target=\"_blank\" rel=\"noreferrer noopener\">Ecoutez<\/a><\/p>\n\n\n\n<p>&nbsp;Tous magnifiques !<\/p>\n\n\n\n<p>Allez donc \u00e9couter Denez sur internet et vous verrez le nombre incroyable de chants que ce chanteur exceptionnel et tellement attachant a enregistr\u00e9s en l\u2019espace de 30 ans d\u2019une belle carri\u00e8re ! Allez surtout le voir sur sc\u00e8ne. L\u00e0, Denez se r\u00e9v\u00e8le pleinement dans son art&nbsp;!<\/p>\n\n\n<div class=\"wp-block-image\">\n<figure class=\"aligncenter size-full\"><img loading=\"lazy\" decoding=\"async\" width=\"500\" height=\"333\" src=\"https:\/\/kevrenn-larochelle.fr\/wp-content\/uploads\/2026\/02\/Photo_-_Festival_de_Cornouaille_2014_-_Denez_Prigent_en_concert_le_24_juillet_-_016.jpg\" alt=\"\" class=\"wp-image-9327\" srcset=\"https:\/\/kevrenn-larochelle.fr\/wp-content\/uploads\/2026\/02\/Photo_-_Festival_de_Cornouaille_2014_-_Denez_Prigent_en_concert_le_24_juillet_-_016.jpg 500w, https:\/\/kevrenn-larochelle.fr\/wp-content\/uploads\/2026\/02\/Photo_-_Festival_de_Cornouaille_2014_-_Denez_Prigent_en_concert_le_24_juillet_-_016-300x200.jpg 300w\" sizes=\"auto, (max-width: 500px) 100vw, 500px\" \/><\/figure>\n<\/div>\n\n\n<p><strong>YK &#8211;  janvier 2026&nbsp;<\/strong><\/p>\n\n\n\n<p><\/p>\n\n\n\n<p><strong>ANNEXES :<\/strong><\/p>\n\n\n\n<p><strong><em>(1) Santec<\/em><\/strong><em>&nbsp;: La belle photo en t\u00eate de l&#8217;article repr\u00e9sente l&#8217;\u00eele de Sieck. Cette petite \u00eele se trouve en face du Dossen, un hameau de Santec. Elle est entour\u00e9e par la mer \u00e0 mar\u00e9e haute et est accessible \u00e0 pied, \u00e0 mar\u00e9e basse. L&#8217;\u00eele est privatis\u00e9e, mais tout un chacun peut en faire le tour. <\/em><\/p>\n\n\n\n<p>Par ailleurs. ici, le vent <em>ne souffle pas d\u2019hier&nbsp;! En 1666, le vent du Nord-ouest souffla si fort pendant plusieurs jours de suite que 250 hectares de culture furent recouverts de sable ainsi que les m\u00e9tairies et le manoir de Brigu\u00e9. Les Etats de Bretagne durent faire construire une digue de gen\u00eats, puis en 1760 accorder une dotation de 1000 livres par an pour lutter contre l\u2019avanc\u00e9e des sables. La lutte continue aujourd\u2019hui, men\u00e9e par l\u2019Office National des For\u00eats<\/em>.<\/p>\n\n\n\n<p><strong><em>(2) Le Relecq-Kerhuon&nbsp;:<\/em><\/strong>&nbsp;<em>c\u2019est en 1896 que le village du Relecq et le hameau de Kerhor pr\u00e8s de l\u2019estuaire de l\u2019Elorn se d\u00e9tachent de Guipavas pour donner naissance \u00e0 la commune du Relecq-Kerhuon.<\/em><\/p>\n\n\n\n<p><em>&nbsp;&nbsp;&nbsp;&nbsp;Le terme de Kerhor d\u00e9signe aussi la communaut\u00e9 des p\u00eacheurs des environs de Guipavas et le type le bateau tr\u00e8s particulier qu\u2019ils utilisent pour p\u00eacher \u00e0 la senne dans la rade de Brest.&nbsp;<\/em><em>Les p\u00eacheurs kerhors sont r\u00e9put\u00e9s comme d\u2019intr\u00e9pides marins, farouches et un peu pirates, \u00e0 tel point qu\u2019au d\u00e9but du si\u00e8cle dernier les Brestoises mena\u00e7aient encore leurs garnements de la venue des kerhors, ces&nbsp;\u00ab&nbsp;boh\u00e9miens de la mer&nbsp;\u00bb.<\/em><\/p>\n\n\n\n<p><em>&nbsp;&nbsp;&nbsp;&nbsp;Le kerhor, \u00e0 l\u2019\u00e9quipage mixte et familial, (comme les Sinagots du golfe du Morbihan) est un petit bateau noir, pointu aux deux extr\u00e9mit\u00e9s, \u00e0 deux m\u00e2ts sans apiquage et non pont\u00e9, adapt\u00e9 \u00e0 la navigation dans la rade de Brest, plus d\u00e9licat \u00e0 man\u0153uvrer en haute<\/em> <em>mer. L\u2019\u00e9t\u00e9, on cabane \u00e0 l\u2019aide des voiles souvent us\u00e9es et rapi\u00e9c\u00e9es. L&#8217;hiver, le bateau retourn\u00e9 et recouvert de paille et de joncs sert aussi, bien souvent, d\u2019abris et de maison \u00e0 cette population atypique<\/em>.<\/p>\n\n\n\n<p><em>(3)&nbsp;<strong>An teodo\u00f9 fall<\/strong><\/em><em>&nbsp;<\/em><em>: (\u00ab&nbsp;Les mauvaises langues&nbsp;\u00bb) Un &#8220;ton simple&#8221; de plinn recueilli \u00e0 partir de feuilles volantes selon deux versions l\u2019une de Francis Moal et l\u2019autre de Pabor Kastell.<\/em><\/p>\n\n\n\n<p><em>Le th\u00e8me&nbsp;: Sur les mauvaises langues de Saint-Pol-de-L\u00e9on, jalouses de ceux qui s\u2019aiment, curieuses de tout.<\/em><\/p>\n\n\n\n<p><em>(4)&nbsp;&nbsp;<strong>Beajet\u2019m eus<\/strong><\/em><em>&nbsp;<\/em><em>: (\u00ab&nbsp;j\u2019ai voyag\u00e9&nbsp;\u00bb)<\/em><\/p>\n\n\n\n<figure class=\"wp-block-table\"><table class=\"has-fixed-layout\"><tbody><tr><td><em>Beajet  &#8216;meus tro-dro d&#8217;ar bed<br>Da glask petra, me n&#8217;ouzon ket<br>Da glask n&#8217;ouzon ket re petra<br>Ha ne gaven me ket ama\u00f1<br>Beajet &#8216;meus &#8216;bro ar stered<br>Da glask petra, me n&#8217;ouzon ket<br>Da glask n&#8217;ouzon ket re petra<br>Ha ne gaven ket er bed-ma\u00f1<br>&#8216;Pezh &#8216;oa da welet, &#8216;m eus gwelet<br>&#8216;Pezh a oa da veva\u00f1, &#8216;m eus bevet<br>&#8216;Pezh &#8216;oa da c&#8217;houzout, &#8216;m eus desket<br>&#8216;Pezh a glasken, m&#8217;eus ket kavet<br>A-benn seizh vloaz, on&nbsp; distroet<br>E toull ma dor, em eus kavet<br>&#8216;Pezh a glasken ha &#8216;gaven ket<br>Ur glenn hag ur vro &#8216;m boa ankoueet<\/em><\/td><td><em>J&#8217;ai voyag\u00e9 autour du monde<br>A la recherche d&#8217;une chose, je ne savais laquelle<br>Je ne savais pas tr\u00e8s bien ce que je recherchais<br>Et qu&#8217;ici, je ne trouvais pas<br>J&#8217;ai voyag\u00e9 dans le pays des \u00e9toiles<br>A la recherche d&#8217;une chose,&nbsp; je ne savais laquelle<br>Je ne savais pas tr\u00e8s bien ce que je recherchais<br>Et qu&#8217;en ce monde, je ne trouvais pas<br>Tout ce qu&#8217;il fallait voir, je l&#8217;ai vu<\/em><br><em>Tout ce qu&#8217;il fallait vivre, je l&#8217;ai v\u00e9cu<\/em><br><em>Tout ce qu&#8217;il fallait savoir, je l&#8217;ai appris<br>Ce que je cherchais, je l&#8217;ai enfin trouv\u00e9<\/em><br><em>Au bout de sept ans, j&#8217;\u00e9tais de retour<\/em><br><em>Sur le seuil de ma porte, j&#8217;ai trouv\u00e9<br>Ce que je cherchais et que je ne trouvais pas<br>Une terre et un pays que j&#8217;avais oubli\u00e9s<\/em><\/td><\/tr><\/tbody><\/table><\/figure>\n\n\n\n<p><strong><em>(5) Eostig Kerchagrin&nbsp;(\u00ab&nbsp;Le rossignol de Kerchagrin&nbsp;\u00bb)<\/em><\/strong><\/p>\n\n\n\n<p><strong><em>(6) Ar ranno\u00f9&nbsp;:<\/em><\/strong><em>&nbsp;(\u00ab&nbsp;les s\u00e9ries&nbsp;\u00bb) Vous saurez tout sur cet air \u00e9nigmatique en consultant sur le site de la Kevrenn l\u2019article qui lui est consacr\u00e9&nbsp;<\/em><a href=\"https:\/\/kevrenn-larochelle.fr\/?p=7270\" target=\"_blank\" rel=\"noreferrer noopener\">(consulter)<\/a><\/p>\n\n\n\n<p><i>(7<\/i><strong style=\"font-style: italic;\">) Plac\u2019h Landelo&nbsp;: (&nbsp;<\/strong>&#8220;<em><strong>La fille de Landelo&#8221;)&nbsp;<\/strong>Une gwerz \u00e9crite par le po\u00e8te Bernez Tangi de Carentec cr\u00e9ateur avec Denez Abenot du groupe Storlok<\/em><\/p>\n\n\n\n<p><em>(8)&nbsp;<strong>Gwerz Penmarc\u2019h<\/strong>&nbsp;: cette gwerz tr\u00e8s ancienne relate le naufrage d\u2019un navire de la flotte d\u2019Audierne revenant de Bordeaux, sur les rochers de la pointe de Penmarc\u2019h. le jour de la Sainte Catherine (ann\u00e9e inconnue). Dans la chanson, on accuse les habitants de Penmarc\u2019h, de Penhors et de la Trinit\u00e9 d\u2019avoir volontairement garder de la lumi\u00e8re dans leurs clochers respectifs pour tromper les pilotes. Les archives judiciaires de l\u2019\u00e9poque ne relatent rien de tel. Des pilleurs d\u2019\u00e9paves oui, des naufrageurs certainement pas&nbsp;!&nbsp;&nbsp;&nbsp;<\/em><\/p>\n\n\n\n<p><em>(9)&nbsp;<strong>Gwerz ar vezhinerien<\/strong>&nbsp;:&nbsp;(\u00ab&nbsp;la complainte des go\u00e9moniers&nbsp;\u00bb) Cr\u00e9\u00e9e par Denez Abernot de Plougerneau, cette gwerz est un des chants embl\u00e9matiques du pays Pagan<\/em><\/p>\n\n\n\n<figure class=\"wp-block-table\"><table class=\"has-fixed-layout\"><tbody><tr><td>Ha pa &#8216;moa klevet ar c&#8217;heleier<br>E ranke mont kuit ma mestrez<br>Da vezhina\u00f1 d&#8217;an enezeier Trielen ha Molenez<br>Ho rom di lam di lo ! Ho rom di lam di lo !<br>Na pa &#8216;moa klevet ar c&#8217;helo\u00f9<br>E ranke mont kuit mintin mat<br>Kerkent hag a save er goulou<br>E save an dour em ma daoulagad<\/td><td>Quand j&#8217;ai appris les nouvelles<br>Comme quoi ma bonne amie devait partir<br>Ramasser du go\u00e9mon sur les \u00eeles de Trielen et de Mol\u00e8ne<br>Ho rom di lam di lo ! Ho rom di lam di lo !<br>Quand j&#8217;ai appris la nouvelle<br>Qu&#8217;elle devait partir de bon matin<br>D\u00e8s le lever du jour<br>Les larmes me sont mont\u00e9es aux yeux<\/td><\/tr><\/tbody><\/table><\/figure>\n\n\n\n<p><em>(10)&nbsp;<strong>An hini a garan<\/strong>&nbsp;: (\u00ab&nbsp;celui que j\u2019aime&nbsp;\u00bb) Cette magnifique gwerz a \u00e9t\u00e9 \u00e9crite par l\u2019abb\u00e9 Jean-Baptiste Oliero (1856-1930) sur une m\u00e9lodie vannetaise. Depuis, de nombreux interpr\u00e8tes l\u2019ont inscrite \u00e0 leur r\u00e9pertoire.<\/em><\/p>\n\n\n\n<p>An hini a garan&#8230; Gwechall bihan er g\u00ear<\/p>\n\n\n\n<p>Pa oamp tostik, an eil, an eil ouzh egile<\/p>\n\n\n\n<p>Ma c&#8217;halon ne gare, gare nemet unan<\/p>\n\n\n\n<p>Pa oan bihan er g\u00ear, an hini a garen<\/p>\n\n\n\n<p>An hini a garen, un deiz n&#8217;eus ma laosket<\/p>\n\n\n\n<p>Aet eo d&#8217;ar broio\u00f9 pell, d&#8217;ur vro n&#8217;anavezen ket<\/p>\n\n\n\n<p>Aet eo d&#8217;ar broio\u00f9 pell, da c&#8217;hounit e vara<\/p>\n\n\n\n<p>Kollet, kollet un deiz, an hini a garan<\/p>\n\n\n\n<p><strong>En Fran\u00e7ais :<\/strong><\/p>\n\n\n\n<p>Celui que j&#8217;aime&#8230; Autrefois, quand j&#8217;\u00e9tais petite, \u00e0 la maison<\/p>\n\n\n\n<p>Et que nous \u00e9tions ensemble, tout pr\u00e8s les uns des autres<\/p>\n\n\n\n<p>Mon coeur n&#8217;aimait, n&#8217;aimait que lui<\/p>\n\n\n\n<p>Quand j&#8217;\u00e9tais petite, \u00e0 la maison, celui que j&#8217;aimais<\/p>\n\n\n\n<p>Celui que j&#8217;aimais, un jour, m&#8217;a quitt\u00e9e<\/p>\n\n\n\n<p>Il est parti vers des contr\u00e9es lointaines, dans un pays que je ne connaissais pas<\/p>\n\n\n\n<p>Il est parti vers des contr\u00e9es lointaines, pour gagner sa vie<\/p>\n\n\n\n<p>J&#8217;ai perdu, j&#8217;ai perdu un jour, celui que j&#8217;aimais<\/p>\n\n\n\n<p><\/p>\n","protected":false},"excerpt":{"rendered":"<p>E brezhoneg Denez,&nbsp;&nbsp;ur c\u2019haner, ur barzh hag ur sonaozer&nbsp;&nbsp;dudius ! &nbsp;&nbsp;&nbsp;&nbsp;&nbsp;&nbsp;&nbsp;&nbsp;&nbsp;&nbsp;&nbsp;&nbsp;&nbsp;&nbsp;&nbsp;Denez : marteze n\u2019ouzoc\u2019h ket mat piv eo an den-ma\u00f1<\/p>\n","protected":false},"author":1,"featured_media":9261,"comment_status":"closed","ping_status":"closed","sticky":false,"template":"","format":"standard","meta":{"advgb_blocks_editor_width":"","advgb_blocks_columns_visual_guide":"","_s2mail":"yes","footnotes":""},"categories":[1],"tags":[],"class_list":["post-9240","post","type-post","status-publish","format-standard","has-post-thumbnail","hentry","category-non-classe","comments-off"],"author_meta":{"display_name":"hervic","author_link":"https:\/\/kevrenn-larochelle.fr\/?author=1"},"featured_img":"https:\/\/kevrenn-larochelle.fr\/wp-content\/uploads\/2026\/01\/66ed3434ab4e5d6847062cad.1-300x188.webp","coauthors":[],"tax_additional":{"categories":{"linked":["<a href=\"https:\/\/kevrenn-larochelle.fr\/?cat=1\" class=\"advgb-post-tax-term\">Non class\u00e9<\/a>"],"unlinked":["<span class=\"advgb-post-tax-term\">Non class\u00e9<\/span>"]}},"comment_count":0,"relative_dates":{"created":"Publi\u00e9 3 mois il y a","modified":"Mis \u00e0 jour 1 semaine il y a"},"absolute_dates":{"created":"Publi\u00e9 le 24 janvier 2026","modified":"Mise \u00e0 jour le 21 avril 2026"},"absolute_dates_time":{"created":"Publi\u00e9 le 24 janvier 2026 11h00","modified":"Mise \u00e0 jour le 21 avril 2026 10h42"},"featured_img_caption":"","series_order":"","_links":{"self":[{"href":"https:\/\/kevrenn-larochelle.fr\/index.php?rest_route=\/wp\/v2\/posts\/9240","targetHints":{"allow":["GET"]}}],"collection":[{"href":"https:\/\/kevrenn-larochelle.fr\/index.php?rest_route=\/wp\/v2\/posts"}],"about":[{"href":"https:\/\/kevrenn-larochelle.fr\/index.php?rest_route=\/wp\/v2\/types\/post"}],"author":[{"embeddable":true,"href":"https:\/\/kevrenn-larochelle.fr\/index.php?rest_route=\/wp\/v2\/users\/1"}],"replies":[{"embeddable":true,"href":"https:\/\/kevrenn-larochelle.fr\/index.php?rest_route=%2Fwp%2Fv2%2Fcomments&post=9240"}],"version-history":[{"count":40,"href":"https:\/\/kevrenn-larochelle.fr\/index.php?rest_route=\/wp\/v2\/posts\/9240\/revisions"}],"predecessor-version":[{"id":9419,"href":"https:\/\/kevrenn-larochelle.fr\/index.php?rest_route=\/wp\/v2\/posts\/9240\/revisions\/9419"}],"wp:featuredmedia":[{"embeddable":true,"href":"https:\/\/kevrenn-larochelle.fr\/index.php?rest_route=\/wp\/v2\/media\/9261"}],"wp:attachment":[{"href":"https:\/\/kevrenn-larochelle.fr\/index.php?rest_route=%2Fwp%2Fv2%2Fmedia&parent=9240"}],"wp:term":[{"taxonomy":"category","embeddable":true,"href":"https:\/\/kevrenn-larochelle.fr\/index.php?rest_route=%2Fwp%2Fv2%2Fcategories&post=9240"},{"taxonomy":"post_tag","embeddable":true,"href":"https:\/\/kevrenn-larochelle.fr\/index.php?rest_route=%2Fwp%2Fv2%2Ftags&post=9240"}],"curies":[{"name":"wp","href":"https:\/\/api.w.org\/{rel}","templated":true}]}}